{"id":22886,"date":"2025-01-09T18:44:51","date_gmt":"2025-01-09T18:44:51","guid":{"rendered":"https:\/\/247stiri.ro\/index.php\/2025\/01\/09\/jandarmeria-spune-ca-nu-exista-restrictii-in-bucuresti-pentru-protestele-anuntate-in-acest-weekend\/"},"modified":"2025-01-09T18:44:51","modified_gmt":"2025-01-09T18:44:51","slug":"jandarmeria-spune-ca-nu-exista-restrictii-in-bucuresti-pentru-protestele-anuntate-in-acest-weekend","status":"publish","type":"post","link":"https:\/\/247stiri.ro\/index.php\/2025\/01\/09\/jandarmeria-spune-ca-nu-exista-restrictii-in-bucuresti-pentru-protestele-anuntate-in-acest-weekend\/","title":{"rendered":"Jandarmeria spune c\u0103 nu exist\u0103 restric\u021bii \u00een Bucure\u0219ti pentru protestele anun\u021bate \u00een acest weekend"},"content":{"rendered":"<p>\u00cen urma unor informa\u0163ii false ap\u0103rute \u00een spa\u0163iul public, dorim s\u0103 aducem la cuno\u015ftin\u0163a opiniei publice c\u0103 nu exist\u0103 nicio restric\u0163ie impus\u0103 de Jandarmeria Capitalei privind accesul cet\u0103\u0163enilor \u00een Bucure\u015fti pentru a participa la adun\u0103rile publice de protest anun\u0163ate \u00een perioada urm\u0103toare&#8221;, scrie \u00eentr-un comunicat transmis de Jandarmeria Rom\u00e2n\u0103 joi sear\u0103, 9 ianuarie.<\/p>\n<p>&#8222;Jandarmeria Capitalei \u00ee\u015fi desf\u0103\u015foar\u0103 activitatea \u00een conformitate cu prevederile legale \u00een vigoare, asigur\u00e2ndu-se c\u0103 drepturile \u015fi libert\u0103\u0163ile fundamentale ale cet\u0103\u0163enilor sunt respectate, \u00een condi\u0163ii de ordine \u015fi siguran\u0163\u0103&#8221;, informeaz\u0103 comunicatul.<\/p>\n<p>Reprezentan\u021bii institu\u021biei \u00eendeamn\u0103 &#8222;cet\u0103\u0163enii s\u0103 se informeze din surse oficiale \u015fi sigure pentru a evita r\u0103sp\u00e2ndirea de informa\u0163ii false care pot crea confuzie&#8221;.<\/p>\n<p>Pentru zilele urm\u0103toare sunt anun\u021bate cel pu\u021bin dou\u0103 proteste:<\/p>\n<p>&#8211; vineri, 10 ianuarie, la CCR, organizat de C\u0103lin Georgescu \u0219i sus\u021bin\u0103torii s\u0103i<\/p>\n<p>&#8211; duminic\u0103, 12 ianuarie, \u00een Pia\u0163a Universit\u0103\u0163ii, organizat de AUR.<\/p>\n<p>Ambele proteste sunt \u00eempotriva deciziei de anulare a alegerilor din 24 noiembrie 2024.<\/p>","protected":false},"excerpt":{"rendered":"<p>\u00cen urma unor informa\u0163ii false ap\u0103rute \u00een spa\u0163iul public, dorim s\u0103 aducem la cuno\u015ftin\u0163a opiniei&hellip;<\/p>\n","protected":false},"author":0,"featured_media":22887,"comment_status":"open","ping_status":"open","sticky":false,"template":"","format":"standard","meta":{"footnotes":""},"categories":[2],"tags":[],"class_list":["post-22886","post","type-post","status-publish","format-standard","has-post-thumbnail","hentry","category-actual"],"_links":{"self":[{"href":"https:\/\/247stiri.ro\/index.php\/wp-json\/wp\/v2\/posts\/22886","targetHints":{"allow":["GET"]}}],"collection":[{"href":"https:\/\/247stiri.ro\/index.php\/wp-json\/wp\/v2\/posts"}],"about":[{"href":"https:\/\/247stiri.ro\/index.php\/wp-json\/wp\/v2\/types\/post"}],"replies":[{"embeddable":true,"href":"https:\/\/247stiri.ro\/index.php\/wp-json\/wp\/v2\/comments?post=22886"}],"version-history":[{"count":0,"href":"https:\/\/247stiri.ro\/index.php\/wp-json\/wp\/v2\/posts\/22886\/revisions"}],"wp:featuredmedia":[{"embeddable":true,"href":"https:\/\/247stiri.ro\/index.php\/wp-json\/wp\/v2\/media\/22887"}],"wp:attachment":[{"href":"https:\/\/247stiri.ro\/index.php\/wp-json\/wp\/v2\/media?parent=22886"}],"wp:term":[{"taxonomy":"category","embeddable":true,"href":"https:\/\/247stiri.ro\/index.php\/wp-json\/wp\/v2\/categories?post=22886"},{"taxonomy":"post_tag","embeddable":true,"href":"https:\/\/247stiri.ro\/index.php\/wp-json\/wp\/v2\/tags?post=22886"}],"curies":[{"name":"wp","href":"https:\/\/api.w.org\/{rel}","templated":true}]}}