{"id":22892,"date":"2025-01-09T19:45:36","date_gmt":"2025-01-09T19:45:36","guid":{"rendered":"https:\/\/247stiri.ro\/index.php\/2025\/01\/09\/sedinta-de-guvern-la-palatul-victoria-ministrii-vor-stabili-zilele-lucratoare-pentru-care-se-acorda-libere\/"},"modified":"2025-01-09T19:45:36","modified_gmt":"2025-01-09T19:45:36","slug":"sedinta-de-guvern-la-palatul-victoria-ministrii-vor-stabili-zilele-lucratoare-pentru-care-se-acorda-libere","status":"publish","type":"post","link":"https:\/\/247stiri.ro\/index.php\/2025\/01\/09\/sedinta-de-guvern-la-palatul-victoria-ministrii-vor-stabili-zilele-lucratoare-pentru-care-se-acorda-libere\/","title":{"rendered":"\u0218edin\u021b\u0103 de Guvern la Palatul Victoria. Mini\u0219trii vor stabili zilele lucr\u0103toare pentru care se acord\u0103 libere"},"content":{"rendered":"<p>Actele normative normative incluse pe agenda \u0219edin\u021bei Guvernului Rom\u00e2niei din 10 ianuarie 2025:<\/p>\n<p>PROIECTE DE HOT\u0102R\u00c2RE DE GUVERNPROIECT DE HOR\u0102R\u00c2RE DE GUVERN privind modificarea Hot\u0103r\u00e2rii Guvernului nr. 1264\/2010 pentru aprobarea programului-cadru de emisiuni de titluri de stat &#8222;Medium Term Notes&#8221;PROIECT DE HOT\u0102R\u00c2RE DE GUVERN privind stabilirea zilelor lucr\u0103toare pentru care se acord\u0103 zile libere, altele dec\u00e2t zilele de s\u0103rb\u0103toare legal\u0103, pentru anul 2025<\/p>\n<p>\u00a0<\/p>\n<p>ANALIZEANALIZA referitoare la PROIECTUL DE HOT\u0102R\u00c2RE A GUVERNULUI pentru completarea anexei nr. 2 la Hot\u0103r\u00e2rea Guvernului nr. 900\/2017 privind aprobarea amplasamentului \u015fi declan\u015farea procedurilor de expropriere a imobilelor proprietate privat\u0103 care constituie coridorul de expropriere situat pe amplasamentul lucr\u0103rii de utilitate public\u0103 de interes na\u0163ional &#8222;Amenajarea Hidroenergetic\u0103 R\u0103stoli\u0163a&#8221;<\/p>\n<p>\u00a0<\/p>\n<p>MEMORANDUMURIMEMORANDUM cu tema: Notificarea reprezentan\u0163ilor Uniunii Na\u0163ionale a Consiliilor Jude\u0163ene din Rom\u00e2nia (UNCJR) in cadrul delega\u0163iei Rom\u00e2niei la Comitetul Regiunilor al Uniunii Europene pentru perioada 2025 &#8211; 2030MEMORANDUM cu tema: Notificare \u00een vederea \u00eenlocuirii a trei membri titulari \u015fi a doi membri suplean\u0163i din partea Uniunii Na\u0163ionale a Consiliilor Jude\u021bene din Rom\u00e2nia (UNCJR) \u00een cadrul delega\u0163iei na\u0163ionale a Rom\u00e2niei la Congresul Autorit\u0103\u0163ilor Locale \u015fi Regionale din Europa (CALRE) pentru perioada 2021 &#8211; 2026INFORM\u0102RIINFORMARE referitoare la elaborarea ordonan\u0163elor \u00een temeiul Legii nr.332\/2024 privind abilitarea Guvernului de a emite ordonan\u0163e.<\/p>","protected":false},"excerpt":{"rendered":"<p>Actele normative normative incluse pe agenda \u0219edin\u021bei Guvernului Rom\u00e2niei din 10 ianuarie 2025: PROIECTE DE&hellip;<\/p>\n","protected":false},"author":0,"featured_media":22891,"comment_status":"open","ping_status":"open","sticky":false,"template":"","format":"standard","meta":{"footnotes":""},"categories":[2],"tags":[],"class_list":["post-22892","post","type-post","status-publish","format-standard","has-post-thumbnail","hentry","category-actual"],"_links":{"self":[{"href":"https:\/\/247stiri.ro\/index.php\/wp-json\/wp\/v2\/posts\/22892","targetHints":{"allow":["GET"]}}],"collection":[{"href":"https:\/\/247stiri.ro\/index.php\/wp-json\/wp\/v2\/posts"}],"about":[{"href":"https:\/\/247stiri.ro\/index.php\/wp-json\/wp\/v2\/types\/post"}],"replies":[{"embeddable":true,"href":"https:\/\/247stiri.ro\/index.php\/wp-json\/wp\/v2\/comments?post=22892"}],"version-history":[{"count":0,"href":"https:\/\/247stiri.ro\/index.php\/wp-json\/wp\/v2\/posts\/22892\/revisions"}],"wp:featuredmedia":[{"embeddable":true,"href":"https:\/\/247stiri.ro\/index.php\/wp-json\/wp\/v2\/media\/22891"}],"wp:attachment":[{"href":"https:\/\/247stiri.ro\/index.php\/wp-json\/wp\/v2\/media?parent=22892"}],"wp:term":[{"taxonomy":"category","embeddable":true,"href":"https:\/\/247stiri.ro\/index.php\/wp-json\/wp\/v2\/categories?post=22892"},{"taxonomy":"post_tag","embeddable":true,"href":"https:\/\/247stiri.ro\/index.php\/wp-json\/wp\/v2\/tags?post=22892"}],"curies":[{"name":"wp","href":"https:\/\/api.w.org\/{rel}","templated":true}]}}