{"id":2290,"date":"2024-10-27T15:53:41","date_gmt":"2024-10-27T15:53:41","guid":{"rendered":"https:\/\/247stiri.ro\/index.php\/2024\/10\/27\/liderul-suprem-al-iranului-despre-atacul-israelului-nu-ar-trebui-nici-exagerat-nici-minimizat\/"},"modified":"2024-10-27T15:53:41","modified_gmt":"2024-10-27T15:53:41","slug":"liderul-suprem-al-iranului-despre-atacul-israelului-nu-ar-trebui-nici-exagerat-nici-minimizat","status":"publish","type":"post","link":"https:\/\/247stiri.ro\/index.php\/2024\/10\/27\/liderul-suprem-al-iranului-despre-atacul-israelului-nu-ar-trebui-nici-exagerat-nici-minimizat\/","title":{"rendered":"Liderul suprem al Iranului, despre atacul Israelului: \u201eNu ar trebui nici exagerat, nici minimizat\u201d"},"content":{"rendered":"<p>El a declarat c\u0103 atacul Israelului asupra Iranului din acest weekend \u201enu ar trebui nici exagerat, nici minimizat\u201d, cu toate c\u0103 nu a f\u0103cut apel la represalii.<\/p>\n<p>\u201eR\u0103ul comis de regimul sionist (Israel) acum dou\u0103 nop\u021bi nu ar trebui nici minimizat, nici exagerat\u201d, a declarat Khamenei, citat de IRNA. El a descris atacurile aeriene israeliene drept \u201emaligne\u201d.<\/p>\n<p>\u201eEroarea de calcul a regimului sionist trebuie s\u0103 fie \u00eentrerupt\u0103. Ei nu cunosc Iranul, tineretul s\u0103u, na\u021biunea sa. Ei nu au fost \u00eenc\u0103 capabili s\u0103 \u00een\u021beleag\u0103 pe deplin puterea, capacit\u0103\u021bile, ini\u021biativa \u0219i voin\u021ba na\u021biunii iraniene, trebuie s\u0103 \u00eei facem s\u0103 \u00een\u021beleag\u0103 acest lucru\u201d, a ad\u0103ugat liderul suprem iranian.<\/p>\n<p>\u201eAr fi gre\u0219it din partea noastr\u0103 s\u0103 spunem c\u0103 nu a fost nimic \u0219i c\u0103 nu a contat\u201d, a mai spus Khamenei, ad\u0103ug\u00e2nd c\u0103 Israelul a \u00eencercat s\u0103 exagereze impactul loviturilor aeriene.<\/p>\n<p>\u201eDu\u0219manii Iranului ar trebui s\u0103 \u0219tie c\u0103 ace\u0219ti oameni curajo\u0219i \u00ee\u0219i ap\u0103r\u0103 f\u0103r\u0103 team\u0103 \u021bara \u0219i vor r\u0103spunde la orice prostie cu tact \u0219i inteligen\u021b\u0103\u201d, a scris el. Armata israelian\u0103 a declarat c\u0103 atacurile sale au vizat instala\u021bii folosite de Iran pentru fabricarea rachetelor trase asupra Israelului, precum \u0219i amplasamente de rachete sol-aer.<\/p>\n<p>Iranul a insistat c\u0103 loviturile au provocat doar \u201epagube limitate\u201d, presa de stat minimiz\u00e2nd impactul acestora.<\/p>\n<p>Ministerul iranian de Externe a emis o declara\u021bie \u00een care afirm\u0103 c\u0103 \u201ese consider\u0103 \u00eendrept\u0103\u021bit \u0219i obligat s\u0103 se apere \u00eempotriva actelor str\u0103ine de agresiune\u201d.<\/p>\n<p>Determinarea Iranului de a se ap\u0103ra &#8216;nu are limite&#8217;, a declarat s\u00e2mb\u0103t\u0103 ministrul de externe Abbas Araghchi, dup\u0103 atacurile israeliene din timpul nop\u0163ii \u00eempotriva unor obiective militare ale \u0163\u0103rii, transmite AFP.<\/p>","protected":false},"excerpt":{"rendered":"<p>El a declarat c\u0103 atacul Israelului asupra Iranului din acest weekend \u201enu ar trebui nici&hellip;<\/p>\n","protected":false},"author":0,"featured_media":2263,"comment_status":"open","ping_status":"open","sticky":false,"template":"","format":"standard","meta":{"footnotes":""},"categories":[2],"tags":[],"class_list":["post-2290","post","type-post","status-publish","format-standard","has-post-thumbnail","hentry","category-actual"],"_links":{"self":[{"href":"https:\/\/247stiri.ro\/index.php\/wp-json\/wp\/v2\/posts\/2290","targetHints":{"allow":["GET"]}}],"collection":[{"href":"https:\/\/247stiri.ro\/index.php\/wp-json\/wp\/v2\/posts"}],"about":[{"href":"https:\/\/247stiri.ro\/index.php\/wp-json\/wp\/v2\/types\/post"}],"replies":[{"embeddable":true,"href":"https:\/\/247stiri.ro\/index.php\/wp-json\/wp\/v2\/comments?post=2290"}],"version-history":[{"count":0,"href":"https:\/\/247stiri.ro\/index.php\/wp-json\/wp\/v2\/posts\/2290\/revisions"}],"wp:featuredmedia":[{"embeddable":true,"href":"https:\/\/247stiri.ro\/index.php\/wp-json\/wp\/v2\/media\/2263"}],"wp:attachment":[{"href":"https:\/\/247stiri.ro\/index.php\/wp-json\/wp\/v2\/media?parent=2290"}],"wp:term":[{"taxonomy":"category","embeddable":true,"href":"https:\/\/247stiri.ro\/index.php\/wp-json\/wp\/v2\/categories?post=2290"},{"taxonomy":"post_tag","embeddable":true,"href":"https:\/\/247stiri.ro\/index.php\/wp-json\/wp\/v2\/tags?post=2290"}],"curies":[{"name":"wp","href":"https:\/\/api.w.org\/{rel}","templated":true}]}}