{"id":22901,"date":"2025-01-09T20:46:03","date_gmt":"2025-01-09T20:46:03","guid":{"rendered":"https:\/\/247stiri.ro\/index.php\/2025\/01\/09\/cresc-salariile-profesorilor-in-2025-ce-spune-ministrul-educatiei-daniel-david\/"},"modified":"2025-01-09T20:46:03","modified_gmt":"2025-01-09T20:46:03","slug":"cresc-salariile-profesorilor-in-2025-ce-spune-ministrul-educatiei-daniel-david","status":"publish","type":"post","link":"https:\/\/247stiri.ro\/index.php\/2025\/01\/09\/cresc-salariile-profesorilor-in-2025-ce-spune-ministrul-educatiei-daniel-david\/","title":{"rendered":"Cresc salariile profesorilor \u00een 2025? Ce spune ministrul Educa\u021biei, Daniel David"},"content":{"rendered":"<p>Ministrul Educa\u021biei nu exclude o posibil\u0103 majorare a\u00a0salariilor\u00a0din sistemul de \u00cenv\u0103\u021b\u0103m\u00e2nt.\u00a0Daniel David\u00a0precizeaz\u0103 c\u0103 nu se pune problema unor index\u0103ri la \u00eenceput de an, ci c\u0103 e nevoie de r\u0103bdare \u0219i o analiz\u0103 a modului \u00een care evolueaz\u0103 economia.<\/p>\n<p>\u00cen func\u021bie de cum va merge economia spre mijlocul anului, premierul \u0219tie c\u0103 dac\u0103 lucrurile se stabilizeaz\u0103 din punct de vedere financiar, are de onorat promisiunile pentru educa\u021bie, spune ministrul Educa\u021biei, Daniel David, \u00eentrebat dac\u0103 salariile profesorilor vor fi majorate.<\/p>\n<p>\u201ePremierul, la \u00eent\u00e2lnirea cu partenerii de dialog social, a spus foarte clar c\u0103 \u0219i dup\u0103 discu\u021bia pe care am avut-o \u0219i eu \u00een coali\u021bie \u0219i cu premierul, \u00een care \u0219i eu am spus c\u0103 la \u00eencheierea grevei, au fost ni\u0219te promisiuni f\u0103cute profesorilor. Sigur, o parte din acele promisiuni, o parte a fost onorat\u0103 iar premierul a spus c\u0103 \u00een func\u021bie de cum va merge economia spre mijlocul anului, el \u0219tie c\u0103 dac\u0103 lucrurile se stabilizeaz\u0103 din punct de vedere financiar, are de onorat promisiunile pentru educa\u021bie. Iar reprezentan\u021bii sindicatorilor au participat la \u00eent\u00e2lnirea respectiv\u0103 \u0219i pot s\u0103 confirm acest lucru\u201d, spune ministrul Educa\u021biei, Daniel David.<\/p>\n<p>Despre nemul\u021bumirile studen\u021bilor privind subven\u021bionarea transportului, el spune c\u0103 \u201ee foarte greu c\u00e2nd pierzi un drept pe care l-ai avut\u201d.<\/p>\n<p>\u201eSigur c\u0103 puteam discuta dac\u0103 ar fi trebuit dat\u0103 op\u021biunea aia, dar odat\u0103 ce le-ai dat-o, este un drept. Eu \u00een\u021beleg, le \u00een\u021beleg frustr\u0103rile, dar acela\u0219i lucru pot s\u0103 le spun \u0219i lor, trebuie s\u0103 vedem cum se va stabiliza situa\u021bia financiar\u0103 a \u021b\u0103rii \u0219i sunt convins c\u0103 dac\u0103 lucrurile vor merge bine \u0219i nu v\u0103d de ce s\u0103 nu mearg\u0103 bine cel pu\u021bin \u00een a doua parte a anului, \u00een condi\u021biile \u00een care ne uit\u0103m la economia interna\u021bional\u0103, nu pare s\u0103 vin\u0103 o criz\u0103. Sigur, avem aceast\u0103 problem\u0103 foarte mare \u0219i m\u0103surile, \u00eentr-un fel, sunt justificate la un astfel de deficit care pune la risc \u021bara. M\u0103surile sunt justificate, dar eu sunt optimist pe ce se va \u00eent\u00e2mpla \u00een a doua parte a anului \u0219i atunci, repet, premierul a spus acest lucru. El \u0219tie care de onorat ni\u0219te promisiuni. (&#8230;) Vom rediscuta acest lucru, fiindc\u0103 a fost un drept dat \u0219i nu a fost doar ceva ce a \u00eenghe\u021bat, a fost ceva ce s-a luat\u201d, \u00eencheie David.<\/p>","protected":false},"excerpt":{"rendered":"<p>Ministrul Educa\u021biei nu exclude o posibil\u0103 majorare a\u00a0salariilor\u00a0din sistemul de \u00cenv\u0103\u021b\u0103m\u00e2nt.\u00a0Daniel David\u00a0precizeaz\u0103 c\u0103 nu se&hellip;<\/p>\n","protected":false},"author":0,"featured_media":22902,"comment_status":"open","ping_status":"open","sticky":false,"template":"","format":"standard","meta":{"footnotes":""},"categories":[2],"tags":[],"class_list":["post-22901","post","type-post","status-publish","format-standard","has-post-thumbnail","hentry","category-actual"],"_links":{"self":[{"href":"https:\/\/247stiri.ro\/index.php\/wp-json\/wp\/v2\/posts\/22901","targetHints":{"allow":["GET"]}}],"collection":[{"href":"https:\/\/247stiri.ro\/index.php\/wp-json\/wp\/v2\/posts"}],"about":[{"href":"https:\/\/247stiri.ro\/index.php\/wp-json\/wp\/v2\/types\/post"}],"replies":[{"embeddable":true,"href":"https:\/\/247stiri.ro\/index.php\/wp-json\/wp\/v2\/comments?post=22901"}],"version-history":[{"count":0,"href":"https:\/\/247stiri.ro\/index.php\/wp-json\/wp\/v2\/posts\/22901\/revisions"}],"wp:featuredmedia":[{"embeddable":true,"href":"https:\/\/247stiri.ro\/index.php\/wp-json\/wp\/v2\/media\/22902"}],"wp:attachment":[{"href":"https:\/\/247stiri.ro\/index.php\/wp-json\/wp\/v2\/media?parent=22901"}],"wp:term":[{"taxonomy":"category","embeddable":true,"href":"https:\/\/247stiri.ro\/index.php\/wp-json\/wp\/v2\/categories?post=22901"},{"taxonomy":"post_tag","embeddable":true,"href":"https:\/\/247stiri.ro\/index.php\/wp-json\/wp\/v2\/tags?post=22901"}],"curies":[{"name":"wp","href":"https:\/\/api.w.org\/{rel}","templated":true}]}}