{"id":22903,"date":"2025-01-09T20:46:03","date_gmt":"2025-01-09T20:46:03","guid":{"rendered":"https:\/\/247stiri.ro\/index.php\/2025\/01\/09\/djokovic-crede-ca-a-fost-otravit-cand-a-fost-retinut-in-australia-in-2022-aveam-un-nivel-foarte-ridicat-de-plumb-si-mercur\/"},"modified":"2025-01-09T20:46:03","modified_gmt":"2025-01-09T20:46:03","slug":"djokovic-crede-ca-a-fost-otravit-cand-a-fost-retinut-in-australia-in-2022-aveam-un-nivel-foarte-ridicat-de-plumb-si-mercur","status":"publish","type":"post","link":"https:\/\/247stiri.ro\/index.php\/2025\/01\/09\/djokovic-crede-ca-a-fost-otravit-cand-a-fost-retinut-in-australia-in-2022-aveam-un-nivel-foarte-ridicat-de-plumb-si-mercur\/","title":{"rendered":"Djokovic crede c\u0103 a fost \u201eotr\u0103vit\u201d c\u00e2nd a fost re\u021binut \u00een Australia, \u00een 2022: &#8222;Aveam un nivel foarte ridicat de plumb\u00a0\u015fi\u00a0mercur&#8221;"},"content":{"rendered":"<p>Lui Djokovic i-a fost anulat\u0103 viza \u00eenainte de turneu, \u00een urma unor zile dramatice legate de regulile de intrare \u00een Australia \u00een contextul pandemiei de COVID-19 \u015fi av\u00e2nd \u00een vedere statutul s\u0103u de nevaccinat. S\u00e2rbul a fost re\u0163inut \u00eentr-un hotel din Melbourne, \u00een care se aflau solicitan\u0163i de azil.<\/p>\n<p>&#8222;Mi-am dat seama c\u0103 \u00een acel hotel din Melbourne am fost hr\u0103nit cu ni\u015fte alimente care m-au otr\u0103vit&#8221;, a declarat Djokovic, despre care se \u015ftie c\u0103 \u00ee\u015fi monitorizeaz\u0103 strict dieta. &#8222;Am descoperit unele lucruri c\u00e2nd m-am \u00eentors \u00een Serbia. Nu am spus nim\u0103nui public acest lucru, dar s-a descoperit c\u0103 aveam un nivel foarte ridicat de metale grele. Metale grele. Aveam plumb, un nivel foarte ridicat de plumb \u015fi mercur.\u201d<\/p>\n<p>Djokovic a declarat s\u0103pt\u0103m\u00e2na aceasta pentru Herald Sun c\u0103 \u00eenc\u0103 mai are traume de pe urma experien\u0163ei de acum trei ani \u015fi c\u0103 se simte stresat la sosirea pe aeroportul din ora\u015f.<\/p>\n<p>Novak Djokovic, \u00een v\u00e2rst\u0103 de 37 de ani, \u00ee\u015fi \u00eencepe s\u0103pt\u0103m\u00e2na viitoare campania pentru ob\u0163inerea celui de-al 25-lea titlu major, un record, la Australian Open.<\/p>\n<p>\u00a0<\/p>","protected":false},"excerpt":{"rendered":"<p>Lui Djokovic i-a fost anulat\u0103 viza \u00eenainte de turneu, \u00een urma unor zile dramatice legate&hellip;<\/p>\n","protected":false},"author":0,"featured_media":22900,"comment_status":"open","ping_status":"open","sticky":false,"template":"","format":"standard","meta":{"footnotes":""},"categories":[2],"tags":[],"class_list":["post-22903","post","type-post","status-publish","format-standard","has-post-thumbnail","hentry","category-actual"],"_links":{"self":[{"href":"https:\/\/247stiri.ro\/index.php\/wp-json\/wp\/v2\/posts\/22903","targetHints":{"allow":["GET"]}}],"collection":[{"href":"https:\/\/247stiri.ro\/index.php\/wp-json\/wp\/v2\/posts"}],"about":[{"href":"https:\/\/247stiri.ro\/index.php\/wp-json\/wp\/v2\/types\/post"}],"replies":[{"embeddable":true,"href":"https:\/\/247stiri.ro\/index.php\/wp-json\/wp\/v2\/comments?post=22903"}],"version-history":[{"count":0,"href":"https:\/\/247stiri.ro\/index.php\/wp-json\/wp\/v2\/posts\/22903\/revisions"}],"wp:featuredmedia":[{"embeddable":true,"href":"https:\/\/247stiri.ro\/index.php\/wp-json\/wp\/v2\/media\/22900"}],"wp:attachment":[{"href":"https:\/\/247stiri.ro\/index.php\/wp-json\/wp\/v2\/media?parent=22903"}],"wp:term":[{"taxonomy":"category","embeddable":true,"href":"https:\/\/247stiri.ro\/index.php\/wp-json\/wp\/v2\/categories?post=22903"},{"taxonomy":"post_tag","embeddable":true,"href":"https:\/\/247stiri.ro\/index.php\/wp-json\/wp\/v2\/tags?post=22903"}],"curies":[{"name":"wp","href":"https:\/\/api.w.org\/{rel}","templated":true}]}}