{"id":22911,"date":"2025-01-09T21:46:11","date_gmt":"2025-01-09T21:46:11","guid":{"rendered":"https:\/\/247stiri.ro\/index.php\/2025\/01\/09\/zeci-de-mii-de-oameni-protesteaza-in-austria-impotriva-preluarii-puterii-de-catre-extrema-dreapta\/"},"modified":"2025-01-09T21:46:11","modified_gmt":"2025-01-09T21:46:11","slug":"zeci-de-mii-de-oameni-protesteaza-in-austria-impotriva-preluarii-puterii-de-catre-extrema-dreapta","status":"publish","type":"post","link":"https:\/\/247stiri.ro\/index.php\/2025\/01\/09\/zeci-de-mii-de-oameni-protesteaza-in-austria-impotriva-preluarii-puterii-de-catre-extrema-dreapta\/","title":{"rendered":"Zeci de mii de oameni protesteaz\u0103 \u00een Austria \u00eempotriva prelu\u0103rii puterii de c\u0103tre extrema dreapt\u0103"},"content":{"rendered":"<p>\u201eMi-e team\u0103 pentru \u0163ara noastr\u0103, mi-e team\u0103 pentru Europa \u015fi chiar pentru \u00eentreaga lume, pentru c\u0103 autocra\u0163i nebuni ajung la putere \u015fi oamenii \u00eei voteaz\u0103 f\u0103r\u0103 s\u0103-\u015fi dea seama c\u0103 \u00ee\u015fi sap\u0103 propriul morm\u00e2nt\u201d, a declarat Elisabeth Helminger, \u00een v\u00e2rst\u0103 de 59 de ani, \u00eentr-o pia\u0163\u0103 aglomerat\u0103 din inima capitalei austriece. Aflat\u0103 \u00een scaun cu rotile, ea a insistat s\u0103 vin\u0103 \u00een ciuda dificult\u0103\u0163ilor sale de mobilitate.<\/p>\n<p>La \u00eenceputul s\u0103pt\u0103m\u00e2nii, calea spre putere a fost brusc liber\u0103 pentru Partidul Libert\u0103\u0163ii (FPOe), clasat pe primul loc la alegerile legislative de la sf\u00e2r\u015fitul lunii septembrie, dup\u0103 e\u015fecul discu\u0163iilor ini\u0163iate \u00een octombrie de celelalte forma\u0163iuni politice pentru a-l bloca.<\/p>\n<p>\u00cen aceste condi\u0163ii, pre\u015fedintele \u0163\u0103rii, provenind din r\u00e2ndul Verzilor, Alexander Van der Bellen, l-a mandatat pe Herbert Kickl s\u0103 formeze o majoritate, iar acesta i-a invitat la discu\u0163ii pe conservatorii. Negocierile au \u00eenceput oficial joi.<\/p>\n<p>\u201eNu vrem un cancelar de extrem\u0103 dreapta \u015fi de aceea suntem ast\u0103zi aici\u201d, a declarat pentru AFP Alexander Pollack, purt\u0103torul de cuv\u00e2nt al ONG-ului antirasism SOS Mitmensch, f\u0103c\u00e2nd referire la \u201eo amenin\u0163are la adresa drepturilor omului \u015fi a democra\u0163iei\u201d.<\/p>\n<p>Alte persoane din mul\u0163ime &#8211; estimate la 50.000 de c\u0103tre organizatori \u015fi la jum\u0103tate de c\u0103tre autorit\u0103\u0163i &#8211; au declarat c\u0103 se tem de un derapaj \u201e\u00een direc\u0163ia Ungariei vecine\u201d, unde premierul Viktor Orban renun\u0163at treptat la bornele de \u00eencredere \u00eentr-un stat de drept.<\/p>\n<p>\u201eEste aproape, \u00eentre ghilimele, o dictatur\u0103. Desigur, Orban este ales la urne, dar datorit\u0103 sp\u0103l\u0103rii creierului, este inamovibil \u015fi asta este ceea ce vrea (Kickl). Este foarte periculos\u201d, spune \u00eengrijorat Peter Mayer, de 51 de ani, care lucreaz\u0103 \u00eentr-o firm\u0103 de arhitectur\u0103.<\/p>\n<p>Mitinguri au avut loc \u015fi \u00een alte p\u0103r\u0163i ale \u0163\u0103rii, inclusiv \u00een Salzburg \u015fi Graz.<\/p>\n<p>Fondat \u00een anii 1950 de fo\u015fti nazi\u015fti, FPOe a fost deja la putere ca partener minoritar, dar nu a de\u0163inut niciodat\u0103 func\u0163ia de cancelar \u00een istoria contemporan\u0103 a Austriei, stat membru al UE cu nou\u0103 milioane de locuitori.<\/p>","protected":false},"excerpt":{"rendered":"<p>\u201eMi-e team\u0103 pentru \u0163ara noastr\u0103, mi-e team\u0103 pentru Europa \u015fi chiar pentru \u00eentreaga lume, pentru&hellip;<\/p>\n","protected":false},"author":0,"featured_media":22908,"comment_status":"open","ping_status":"open","sticky":false,"template":"","format":"standard","meta":{"footnotes":""},"categories":[2],"tags":[],"class_list":["post-22911","post","type-post","status-publish","format-standard","has-post-thumbnail","hentry","category-actual"],"_links":{"self":[{"href":"https:\/\/247stiri.ro\/index.php\/wp-json\/wp\/v2\/posts\/22911","targetHints":{"allow":["GET"]}}],"collection":[{"href":"https:\/\/247stiri.ro\/index.php\/wp-json\/wp\/v2\/posts"}],"about":[{"href":"https:\/\/247stiri.ro\/index.php\/wp-json\/wp\/v2\/types\/post"}],"replies":[{"embeddable":true,"href":"https:\/\/247stiri.ro\/index.php\/wp-json\/wp\/v2\/comments?post=22911"}],"version-history":[{"count":0,"href":"https:\/\/247stiri.ro\/index.php\/wp-json\/wp\/v2\/posts\/22911\/revisions"}],"wp:featuredmedia":[{"embeddable":true,"href":"https:\/\/247stiri.ro\/index.php\/wp-json\/wp\/v2\/media\/22908"}],"wp:attachment":[{"href":"https:\/\/247stiri.ro\/index.php\/wp-json\/wp\/v2\/media?parent=22911"}],"wp:term":[{"taxonomy":"category","embeddable":true,"href":"https:\/\/247stiri.ro\/index.php\/wp-json\/wp\/v2\/categories?post=22911"},{"taxonomy":"post_tag","embeddable":true,"href":"https:\/\/247stiri.ro\/index.php\/wp-json\/wp\/v2\/tags?post=22911"}],"curies":[{"name":"wp","href":"https:\/\/api.w.org\/{rel}","templated":true}]}}