{"id":22914,"date":"2025-01-09T21:46:12","date_gmt":"2025-01-09T21:46:12","guid":{"rendered":"https:\/\/247stiri.ro\/index.php\/2025\/01\/09\/sfarsti-tragic-pentru-un-argesean-de-22-de-ani-a-murit-dupa-ce-s-a-izbit-cu-masina-de-un-parapet-de-pe-a1\/"},"modified":"2025-01-09T21:46:12","modified_gmt":"2025-01-09T21:46:12","slug":"sfarsti-tragic-pentru-un-argesean-de-22-de-ani-a-murit-dupa-ce-s-a-izbit-cu-masina-de-un-parapet-de-pe-a1","status":"publish","type":"post","link":"https:\/\/247stiri.ro\/index.php\/2025\/01\/09\/sfarsti-tragic-pentru-un-argesean-de-22-de-ani-a-murit-dupa-ce-s-a-izbit-cu-masina-de-un-parapet-de-pe-a1\/","title":{"rendered":"Sf\u00e2r\u0219ti tragic, pentru un arge\u0219ean de 22 de ani. A murit dup\u0103 ce s-a izbit cu ma\u0219ina de un parapet de pe A1"},"content":{"rendered":"<p>\u00cen aceast\u0103 sear\u0103, oamenii legii din cadrul Biroului Poli\u021bie Autostrada A1, au fost sesiza\u021bi despre faptul c\u0103 la kilometrul 106, pe breteaua de acces, pe sensul de mers c\u0103tre Bucure\u0219ti, a avut loc un accident rutier \u00een care a fost implicat o ma\u0219in\u0103. Conform primelor cercet\u0103ri, accidentul s-ar fi produs din cauza neadapt\u0103rii vitezei \u00een curb\u0103, ceea ce a dus la p\u0103r\u0103sirea carosabilului \u0219i intrarea \u00een coliziune cu un parapet din beton.<\/p>\n<p>La fa\u021ba locului s-au deplasat, \u00een cel mai scurt timp, echipajele de poli\u021bie, ambulan\u021b\u0103 \u0219i pompieri. \u0218oferul, un t\u00e2n\u0103r \u00een v\u00e2rst\u0103 de 22 de ani, din Moz\u0103ceni, singurul ocupant al vehiculului, a suferit r\u0103ni grave, \u00eens\u0103 \u00een ciuda manevrelor de resuscitare, din nefericire acesta a decedat.<\/p>\n<p>Poli\u021bi\u0219tii continu\u0103 cercet\u0103rile pentru a stabili cu exactitate \u00eemprejur\u0103rile \u00een care s-a produs accidentul, fiind \u00eentocmit un dosar penal sub aspectul s\u0103v\u00e2r\u0219irii infrac\u021biunii de ucidere din culp\u0103.<\/p>","protected":false},"excerpt":{"rendered":"<p>\u00cen aceast\u0103 sear\u0103, oamenii legii din cadrul Biroului Poli\u021bie Autostrada A1, au fost sesiza\u021bi despre&hellip;<\/p>\n","protected":false},"author":0,"featured_media":22915,"comment_status":"open","ping_status":"open","sticky":false,"template":"","format":"standard","meta":{"footnotes":""},"categories":[2],"tags":[],"class_list":["post-22914","post","type-post","status-publish","format-standard","has-post-thumbnail","hentry","category-actual"],"_links":{"self":[{"href":"https:\/\/247stiri.ro\/index.php\/wp-json\/wp\/v2\/posts\/22914","targetHints":{"allow":["GET"]}}],"collection":[{"href":"https:\/\/247stiri.ro\/index.php\/wp-json\/wp\/v2\/posts"}],"about":[{"href":"https:\/\/247stiri.ro\/index.php\/wp-json\/wp\/v2\/types\/post"}],"replies":[{"embeddable":true,"href":"https:\/\/247stiri.ro\/index.php\/wp-json\/wp\/v2\/comments?post=22914"}],"version-history":[{"count":0,"href":"https:\/\/247stiri.ro\/index.php\/wp-json\/wp\/v2\/posts\/22914\/revisions"}],"wp:featuredmedia":[{"embeddable":true,"href":"https:\/\/247stiri.ro\/index.php\/wp-json\/wp\/v2\/media\/22915"}],"wp:attachment":[{"href":"https:\/\/247stiri.ro\/index.php\/wp-json\/wp\/v2\/media?parent=22914"}],"wp:term":[{"taxonomy":"category","embeddable":true,"href":"https:\/\/247stiri.ro\/index.php\/wp-json\/wp\/v2\/categories?post=22914"},{"taxonomy":"post_tag","embeddable":true,"href":"https:\/\/247stiri.ro\/index.php\/wp-json\/wp\/v2\/tags?post=22914"}],"curies":[{"name":"wp","href":"https:\/\/api.w.org\/{rel}","templated":true}]}}