{"id":22920,"date":"2025-01-09T21:46:14","date_gmt":"2025-01-09T21:46:14","guid":{"rendered":"https:\/\/247stiri.ro\/index.php\/2025\/01\/09\/medicul-mihai-craiu-despre-metapneumovirusul-care-a-umplut-spitalele-in-china-era-de-asteptat-ca-iarna-sa-fie-o-crestere-a-frecventei\/"},"modified":"2025-01-09T21:46:14","modified_gmt":"2025-01-09T21:46:14","slug":"medicul-mihai-craiu-despre-metapneumovirusul-care-a-umplut-spitalele-in-china-era-de-asteptat-ca-iarna-sa-fie-o-crestere-a-frecventei","status":"publish","type":"post","link":"https:\/\/247stiri.ro\/index.php\/2025\/01\/09\/medicul-mihai-craiu-despre-metapneumovirusul-care-a-umplut-spitalele-in-china-era-de-asteptat-ca-iarna-sa-fie-o-crestere-a-frecventei\/","title":{"rendered":"Medicul Mihai Craiu, despre metapneumovirusul care a umplut spitalele \u00een China: \u201eEra de a\u015fteptat ca iarna s\u0103 fie o cre\u015ftere a frecven\u0163ei\u201d"},"content":{"rendered":"<p>\u201eNoi, medicii pediatrii, suntem familiariza\u0163i cu metapneumovirusul uman, deoarece el este undeva \u00een pozi\u0163iile 3-4 ca frecven\u0163\u0103 (&#8230;) \u00centr-un studiu rom\u00e2nesc, remarcabil, \u00een urm\u0103 cu mai mult de 10 ani, \u00een care au fost studia\u0163i copii spitaliza\u0163i cu boli respiratorii grave, la noi \u00een spital \u015fi la colegii de la Spitalul Grigore Alexandrescu, studiu coordonat de Institutul Cantacuzino, metapneumovirusul uman era pe locul trei ca frecven\u0163\u0103. Deci noi chiar nu am fost surprin\u015fi de aceast\u0103 veste, era de a\u015fteptat ca iarna s\u0103 fie o cre\u015ftere a frecven\u0163ei\u201d, a declarat Mihai Craiu, joi sear\u0103, la Medika TV.<\/p>\n<p>\u201eNoi, \u00een momentul \u0103sta, avem \u00een spital copii cu afec\u0163iui respiratorii \u00een niciun caz catastrofale, care sunt produse de metapneumovirusul uman. \u015ei am avut \u00eentotdeuna. Dealtfel o publica\u0163ie a noastr\u0103, din 2024, ar\u0103ta c\u0103 pe durata pandemiei, c\u00e2nd to\u0163i pacien\u0163ii au f\u0103cut PCR multiplex, aveau printreagen\u0163ii cauzatori \u015fi metapneumovirusul uman. Deci el circul\u0103 de mult\u0103 vreme, nu de acuma. \u00cen niciun caz acest virus nu este un virus a c\u0103rui severitate s\u0103 pun\u0103 \u00een pericol copiii sau pe p\u0103rin\u0163ii acestora\u201d, a declarat Mihai Craiu.<\/p>\n<p>\u201e\u00cen principiu ar trebui s\u0103 avem grij\u0103 s\u0103 nu le \u00a0transmitem infec\u0163ia cu metapneumovirusul uman respect\u00e2nd pur \u015fi simplu cele obi\u015fnuite, pe care le-am respectat \u00een timpul pandemiei, adic\u0103 sp\u0103latul pe m\u00e2ini, c\u00e2nd revenim acas\u0103 de la serviciu, de la cump\u0103r\u0103rturi, \u00eenainte de a pupa copilul, s\u0103 respect\u0103m eticheta febrei \u015fi a tusei, s\u0103 respect\u0103m distan\u0163a, dar astea trebuie f\u0103cute \u00een special la 3 categorii: copii foarte mici, mai ales cei cu v\u00e2rst\u0103 sub 2 ani, apoi pacien\u0163ii seniori \u015fi a treia grup\u0103 este femeia \u00eens\u0103rcinat\u0103 care la fel ca la grip\u0103 poate face complica\u0163ii serioase. Cel mai simplu mesaj este s\u0103 avem grij\u0103 s\u0103 nu ne \u00eemboln\u0103vim acuma pentru c\u0103 pericole, altele dec\u00e2t altele dec\u00e2t cele din sezoanele trecute nu se \u00eentrev\u0103d\u201d, a mai spus Mihai Craiu.<\/p>","protected":false},"excerpt":{"rendered":"<p>\u201eNoi, medicii pediatrii, suntem familiariza\u0163i cu metapneumovirusul uman, deoarece el este undeva \u00een pozi\u0163iile 3-4&hellip;<\/p>\n","protected":false},"author":0,"featured_media":22921,"comment_status":"open","ping_status":"open","sticky":false,"template":"","format":"standard","meta":{"footnotes":""},"categories":[2],"tags":[],"class_list":["post-22920","post","type-post","status-publish","format-standard","has-post-thumbnail","hentry","category-actual"],"_links":{"self":[{"href":"https:\/\/247stiri.ro\/index.php\/wp-json\/wp\/v2\/posts\/22920","targetHints":{"allow":["GET"]}}],"collection":[{"href":"https:\/\/247stiri.ro\/index.php\/wp-json\/wp\/v2\/posts"}],"about":[{"href":"https:\/\/247stiri.ro\/index.php\/wp-json\/wp\/v2\/types\/post"}],"replies":[{"embeddable":true,"href":"https:\/\/247stiri.ro\/index.php\/wp-json\/wp\/v2\/comments?post=22920"}],"version-history":[{"count":0,"href":"https:\/\/247stiri.ro\/index.php\/wp-json\/wp\/v2\/posts\/22920\/revisions"}],"wp:featuredmedia":[{"embeddable":true,"href":"https:\/\/247stiri.ro\/index.php\/wp-json\/wp\/v2\/media\/22921"}],"wp:attachment":[{"href":"https:\/\/247stiri.ro\/index.php\/wp-json\/wp\/v2\/media?parent=22920"}],"wp:term":[{"taxonomy":"category","embeddable":true,"href":"https:\/\/247stiri.ro\/index.php\/wp-json\/wp\/v2\/categories?post=22920"},{"taxonomy":"post_tag","embeddable":true,"href":"https:\/\/247stiri.ro\/index.php\/wp-json\/wp\/v2\/tags?post=22920"}],"curies":[{"name":"wp","href":"https:\/\/api.w.org\/{rel}","templated":true}]}}