{"id":22926,"date":"2025-01-09T22:44:51","date_gmt":"2025-01-09T22:44:51","guid":{"rendered":"https:\/\/247stiri.ro\/index.php\/2025\/01\/09\/daniel-david-ministrul-educatiei-abandonul-scolar-problema-grea-complicata-si-reala\/"},"modified":"2025-01-09T22:44:51","modified_gmt":"2025-01-09T22:44:51","slug":"daniel-david-ministrul-educatiei-abandonul-scolar-problema-grea-complicata-si-reala","status":"publish","type":"post","link":"https:\/\/247stiri.ro\/index.php\/2025\/01\/09\/daniel-david-ministrul-educatiei-abandonul-scolar-problema-grea-complicata-si-reala\/","title":{"rendered":"Daniel David, ministrul Educa\u021biei: Abandonul \u0219colar problem\u0103 grea, complicat\u0103 \u015fi real\u0103"},"content":{"rendered":"<p>Ministrul Educa\u0163iei, Daniel David, a fost \u00eentrebat la un post de televiziune despre abandonul \u015fcolar, Rom\u00e2nia fiind \u0163ara unde anual 23.000 de copii abandoneaz\u0103 \u015fcoala.<\/p>\n<p>\u201dNu este o problem\u0103 u\u015foar\u0103 \u2013 este o problem\u0103, \u015fi grea, \u015fi complicat\u0103, \u015fi real\u0103 (&#8230;) Trei cauze sunt foarte importante\u201d, a afirmat ministrul Educa\u0163iei.<\/p>\n<p>Potrivit acestuia, principala este \u201dcontextul social\u201d.<\/p>\n<p>\u201dCopilul nu are sufcien\u0163i bani, familia nu are suficien\u0163i bani s\u0103-l \u0163in\u0103 la \u015fcoal\u0103\u201d, afirm\u0103 ministrul.<\/p>\n<p>Potrivit acestuia, una dintre rezolv\u0103ri este continuarea programului \u201dMas\u0103 s\u0103n\u0103toas\u0103\u201d, \u00eentruc\u00e2t mul\u0163i copii din familii vulnerabile vin la \u015fcoal\u0103 impulsiona\u0163i de m\u00e2ncarea pe care o primesc. O alt\u0103 problem\u0103 important\u0103 este, potrivit ministrului, \u201dmodalitatea de predare \u015fi modul \u00een care profesorii \u015ftiu s\u0103-i inspire pe copii, s\u0103 le fac\u0103 un context \u00een care copiii vin cu pl\u0103cere la \u015fcoal\u0103\u201d.<\/p>\n<p>Potrivit lui David, modalitatea de predare \u2013 \u201dstai jos \u015fi scrie dup\u0103 dictare din manualul ce-l am aici\u201d &#8211; \u00a0\u00eendep\u0103rteaz\u0103 copiii.<\/p>\n<p>Al treilea factor este, potrivit ministrului, mai ales la nivel universitar, orientarea profesional\u0103 \u015fi orientarea \u00een carier\u0103.<\/p>\n<p>\u201dAbandonul nu este mare doar \u00een preuniversitar, abandonul este mare \u015fi \u00een zona universitar\u0103. La nivel universitar foarte mul\u0163i ajung acolo \u015fi constat\u0103 c\u0103 nu este ceea ce au c\u0103utat\u201d, a mai declarat ministrul.<\/p>","protected":false},"excerpt":{"rendered":"<p>Ministrul Educa\u0163iei, Daniel David, a fost \u00eentrebat la un post de televiziune despre abandonul \u015fcolar,&hellip;<\/p>\n","protected":false},"author":0,"featured_media":22927,"comment_status":"open","ping_status":"open","sticky":false,"template":"","format":"standard","meta":{"footnotes":""},"categories":[2],"tags":[],"class_list":["post-22926","post","type-post","status-publish","format-standard","has-post-thumbnail","hentry","category-actual"],"_links":{"self":[{"href":"https:\/\/247stiri.ro\/index.php\/wp-json\/wp\/v2\/posts\/22926","targetHints":{"allow":["GET"]}}],"collection":[{"href":"https:\/\/247stiri.ro\/index.php\/wp-json\/wp\/v2\/posts"}],"about":[{"href":"https:\/\/247stiri.ro\/index.php\/wp-json\/wp\/v2\/types\/post"}],"replies":[{"embeddable":true,"href":"https:\/\/247stiri.ro\/index.php\/wp-json\/wp\/v2\/comments?post=22926"}],"version-history":[{"count":0,"href":"https:\/\/247stiri.ro\/index.php\/wp-json\/wp\/v2\/posts\/22926\/revisions"}],"wp:featuredmedia":[{"embeddable":true,"href":"https:\/\/247stiri.ro\/index.php\/wp-json\/wp\/v2\/media\/22927"}],"wp:attachment":[{"href":"https:\/\/247stiri.ro\/index.php\/wp-json\/wp\/v2\/media?parent=22926"}],"wp:term":[{"taxonomy":"category","embeddable":true,"href":"https:\/\/247stiri.ro\/index.php\/wp-json\/wp\/v2\/categories?post=22926"},{"taxonomy":"post_tag","embeddable":true,"href":"https:\/\/247stiri.ro\/index.php\/wp-json\/wp\/v2\/tags?post=22926"}],"curies":[{"name":"wp","href":"https:\/\/api.w.org\/{rel}","templated":true}]}}