{"id":22967,"date":"2025-01-10T07:45:07","date_gmt":"2025-01-10T07:45:07","guid":{"rendered":"https:\/\/247stiri.ro\/index.php\/2025\/01\/10\/cum-arata-andrea-esca-in-costum-de-baie-vedeta-si-a-uimit-fanii-cu-pozele-din-concediul-de-lux-galerie\/"},"modified":"2025-01-10T07:45:07","modified_gmt":"2025-01-10T07:45:07","slug":"cum-arata-andrea-esca-in-costum-de-baie-vedeta-si-a-uimit-fanii-cu-pozele-din-concediul-de-lux-galerie","status":"publish","type":"post","link":"https:\/\/247stiri.ro\/index.php\/2025\/01\/10\/cum-arata-andrea-esca-in-costum-de-baie-vedeta-si-a-uimit-fanii-cu-pozele-din-concediul-de-lux-galerie\/","title":{"rendered":"Cum arat\u0103 Andrea Esca \u00een costum de baie? Vedeta \u0219i-a uimit fanii cu pozele din concediul de lux &#8211; GALERIE"},"content":{"rendered":"<p>Urm\u0103ritorii vedetei TV au fost impresiona\u021bi de felul \u00een care arat\u0103 prezentatoarea la v\u00e2rsta de 52 de ani \u0219i i-au transmis aprecieri prin mesaje \u0219i like-uri.<\/p>\n\n<p>Andreea Esca \u0219i-a luat c\u00e2teva zile de concediu \u0219i le-a petrecut \u00een Dubai, al\u0103turi de fiul ei, Aris.<\/p>\n<p>\u00a0\u00a0\u00a0\u00a0\u00a0Vezi aceast\u0103 postare pe Instagram\u00a0\u00a0\u00a0\u00a0\u00a0\u00a0\u00a0\u00a0\u00a0\u00a0\u00a0<\/p>\n<p><a href=\"https:\/\/www.instagram.com\/p\/DEmI9atJhXK\/?utm_source=ig_embed&amp;utm_campaign=loading\" target=\"_blank\">O postare distribuit\u0103 de Andreea Ioana (@andreeaesca)<\/a><\/p>","protected":false},"excerpt":{"rendered":"<p>Urm\u0103ritorii vedetei TV au fost impresiona\u021bi de felul \u00een care arat\u0103 prezentatoarea la v\u00e2rsta de&hellip;<\/p>\n","protected":false},"author":0,"featured_media":22968,"comment_status":"open","ping_status":"open","sticky":false,"template":"","format":"standard","meta":{"footnotes":""},"categories":[8],"tags":[],"class_list":["post-22967","post","type-post","status-publish","format-standard","has-post-thumbnail","hentry","category-lifestyle"],"_links":{"self":[{"href":"https:\/\/247stiri.ro\/index.php\/wp-json\/wp\/v2\/posts\/22967","targetHints":{"allow":["GET"]}}],"collection":[{"href":"https:\/\/247stiri.ro\/index.php\/wp-json\/wp\/v2\/posts"}],"about":[{"href":"https:\/\/247stiri.ro\/index.php\/wp-json\/wp\/v2\/types\/post"}],"replies":[{"embeddable":true,"href":"https:\/\/247stiri.ro\/index.php\/wp-json\/wp\/v2\/comments?post=22967"}],"version-history":[{"count":0,"href":"https:\/\/247stiri.ro\/index.php\/wp-json\/wp\/v2\/posts\/22967\/revisions"}],"wp:featuredmedia":[{"embeddable":true,"href":"https:\/\/247stiri.ro\/index.php\/wp-json\/wp\/v2\/media\/22968"}],"wp:attachment":[{"href":"https:\/\/247stiri.ro\/index.php\/wp-json\/wp\/v2\/media?parent=22967"}],"wp:term":[{"taxonomy":"category","embeddable":true,"href":"https:\/\/247stiri.ro\/index.php\/wp-json\/wp\/v2\/categories?post=22967"},{"taxonomy":"post_tag","embeddable":true,"href":"https:\/\/247stiri.ro\/index.php\/wp-json\/wp\/v2\/tags?post=22967"}],"curies":[{"name":"wp","href":"https:\/\/api.w.org\/{rel}","templated":true}]}}