{"id":22973,"date":"2025-01-10T07:45:10","date_gmt":"2025-01-10T07:45:10","guid":{"rendered":"https:\/\/247stiri.ro\/index.php\/2025\/01\/10\/accident-teribil-in-bistrita-bargaului-un-om-si-a-pierdut-viata-in-urma-impactului\/"},"modified":"2025-01-10T07:45:10","modified_gmt":"2025-01-10T07:45:10","slug":"accident-teribil-in-bistrita-bargaului-un-om-si-a-pierdut-viata-in-urma-impactului","status":"publish","type":"post","link":"https:\/\/247stiri.ro\/index.php\/2025\/01\/10\/accident-teribil-in-bistrita-bargaului-un-om-si-a-pierdut-viata-in-urma-impactului\/","title":{"rendered":"Accident teribil \u00een Bistri\u021ba B\u00e2rg\u0103ului. Un om \u0219i-a pierdut via\u021ba \u00een urma impactului"},"content":{"rendered":"<p>Potrivit primelor detalii, autoturismul \u00een care se aflau cei doi a intrat \u00een coliziune cu un cap de pod, iar incidentul a fost raportat la num\u0103rul de urgen\u021b\u0103 112 prin intermediul sistemului e-call al vehiculului.<\/p>\n\n<p>La caz au fost alocate echipaje medicale de la SMURD \u0219i Ambulan\u021b\u0103 \u0219i un echipaj de descarcerare.B\u0103rbatul aflat \u00een ma\u0219in\u0103 a intrat \u00een stop cardiorespirator \u0219i nu a mai putut fi resuscitat, iar femeia a fost transportat\u0103 la spital cu multiple fracturi.<\/p>\n\n<p>&#8222;Din p\u0103cate, conduc\u0103torul auto \u00een v\u00e2rst\u0103 de aproximativ 68 de ani a intrat \u00een stop cardiorespirator \u0219i au fost \u00eencepute manevrele de resuscitare la locul accidentului. Nu a r\u0103spuns manevrelor aplicate, fiindu-i declarat decesul la locul solicit\u0103rii. Femeia \u00een v\u00e2rst\u0103 de aproximativ 67 de ani prezenta multiple fracturi \u0219i dup\u0103 stabilizare a fost transportat\u0103 la UPU SMURD Bistri\u021ba de c\u0103tre echipajul de prim ajutor SMURD&#8221;, au precizat reprezentan\u021bii ISU.Poli\u021bi\u0219tii fac cercet\u0103ri pentru a stabili cauza \u0219i modalitatea de producere a accidentului.\u00a0<\/p>\n<p><a title=\"Accident feroviar grav intre statiile Fetesti si Cernavoda. O persoana a murit dupa ce s-a aruncat in fata trenului\" href=\"https:\/\/www.realitatea.net\/stiri\/actual\/accident-feroviar-grav-intre-statiile-fetesti-si-cernavoda-o-persoana-a-murit-dupa-ce-sa-aruncat-in-fata-trenului_678003367539dc02c07631f9\">Accident feroviar grav \u00eentre sta\u021biile Fete\u0219ti \u0219i Cernavod\u0103. O persoan\u0103 a murit dup\u0103 ce s-a aruncat \u00een fa\u021ba trenului<\/a><\/p>","protected":false},"excerpt":{"rendered":"<p>Potrivit primelor detalii, autoturismul \u00een care se aflau cei doi a intrat \u00een coliziune cu&hellip;<\/p>\n","protected":false},"author":0,"featured_media":22974,"comment_status":"open","ping_status":"open","sticky":false,"template":"","format":"standard","meta":{"footnotes":""},"categories":[2],"tags":[],"class_list":["post-22973","post","type-post","status-publish","format-standard","has-post-thumbnail","hentry","category-actual"],"_links":{"self":[{"href":"https:\/\/247stiri.ro\/index.php\/wp-json\/wp\/v2\/posts\/22973","targetHints":{"allow":["GET"]}}],"collection":[{"href":"https:\/\/247stiri.ro\/index.php\/wp-json\/wp\/v2\/posts"}],"about":[{"href":"https:\/\/247stiri.ro\/index.php\/wp-json\/wp\/v2\/types\/post"}],"replies":[{"embeddable":true,"href":"https:\/\/247stiri.ro\/index.php\/wp-json\/wp\/v2\/comments?post=22973"}],"version-history":[{"count":0,"href":"https:\/\/247stiri.ro\/index.php\/wp-json\/wp\/v2\/posts\/22973\/revisions"}],"wp:featuredmedia":[{"embeddable":true,"href":"https:\/\/247stiri.ro\/index.php\/wp-json\/wp\/v2\/media\/22974"}],"wp:attachment":[{"href":"https:\/\/247stiri.ro\/index.php\/wp-json\/wp\/v2\/media?parent=22973"}],"wp:term":[{"taxonomy":"category","embeddable":true,"href":"https:\/\/247stiri.ro\/index.php\/wp-json\/wp\/v2\/categories?post=22973"},{"taxonomy":"post_tag","embeddable":true,"href":"https:\/\/247stiri.ro\/index.php\/wp-json\/wp\/v2\/tags?post=22973"}],"curies":[{"name":"wp","href":"https:\/\/api.w.org\/{rel}","templated":true}]}}