{"id":22999,"date":"2025-01-10T08:44:57","date_gmt":"2025-01-10T08:44:57","guid":{"rendered":"https:\/\/247stiri.ro\/index.php\/2025\/01\/10\/italia-este-blocata-complet-de-o-greva-generala-mae-a-emis-o-atentionare-de-calatorie\/"},"modified":"2025-01-10T08:44:57","modified_gmt":"2025-01-10T08:44:57","slug":"italia-este-blocata-complet-de-o-greva-generala-mae-a-emis-o-atentionare-de-calatorie","status":"publish","type":"post","link":"https:\/\/247stiri.ro\/index.php\/2025\/01\/10\/italia-este-blocata-complet-de-o-greva-generala-mae-a-emis-o-atentionare-de-calatorie\/","title":{"rendered":"Italia este blocat\u0103 complet de o grev\u0103 general\u0103. MAE a emis o aten\u021bionare de c\u0103l\u0103torie"},"content":{"rendered":"<p>Protestele de vineri, sprijinite de unele dintre cele mai mari sindicate italiene, au loc pe fondul cererilor lucr\u0103torilor pentru salarii mai mari, condi\u021bii de munc\u0103 \u00eembun\u0103t\u0103\u021bite \u0219i re\u00eennoirea contractelor, eviden\u021biind tensiunile cresc\u00e2nde de pe pia\u021ba muncii. Sectorul feroviar va fi cel mai grav afectat, deoarece mai multe sindicate, inclusiv Cub Trasporti \u0219i Cobas Lavoro Privato, au anun\u021bat o grev\u0103 de 24 de ore. Lucr\u0103torii din \u00eentre\u021binere, esen\u021biali pentru infrastructura feroviar\u0103 italian\u0103, vor intra \u00een grev\u0103 de joi seara, de la ora 21:00, p\u00e2n\u0103 vineri, la ora 21:00. Se a\u0219teapt\u0103 ca aceast\u0103 grev\u0103 s\u0103 provoace perturb\u0103ri pe numeroase linii feroviare importante, \u00een special \u00een ora\u0219e-cheie precum Milano, Vene\u021bia \u0219i Pisa. Pasagerii care c\u0103l\u0103toresc cu trenuri regionale \u0219i pe distan\u021be lungi sunt sf\u0103tui\u021bi s\u0103 se preg\u0103teasc\u0103 pentru \u00eent\u00e2rzieri \u0219i anul\u0103ri, \u00eentruc\u00e2t lucr\u0103rile de \u00eentre\u021binere vor fi suspendate \u00een timpul unei perioade foarte aglomerate pentru re\u021beaua feroviar\u0103.<\/p>\n<p>C\u0103l\u0103toriile aeriene vor suferi, de asemenea, perturb\u0103ri, personalul de la sol de la principalele aeroporturi din Milano &#8211; Malpensa (MXP) \u0219i Linate (LIN) &#8211; urm\u00e2nd s\u0103 intre \u00een grev\u0103 timp de 24 de ore. Angaja\u021bii din domeniul manipul\u0103rii \u0219i gestion\u0103rii aeroportuare, reprezenta\u021bi de sindicatul OST CUB, protesteaz\u0103 pentru \u00eembun\u0103t\u0103\u021birea condi\u021biilor de munc\u0103 \u0219i a salariilor. Aceast\u0103 grev\u0103 va avea un impact asupra ambelor aeroporturi, provoc\u00e2nd \u00eent\u00e2rzieri \u00een procesul de check-in, controlul de securitate \u0219i manipularea bagajelor. De asemenea, la Aeroportul Marco Polo din Vene\u021bia (VCE), personalul din serviciile de avia\u021bie, afiliat sindicatului FLAI Transport and Services, va suspenda activitatea pe parcursul \u00eentregii zile, ceea ce va genera posibile perturb\u0103ri pentru pasagerii care c\u0103l\u0103toresc spre \u0219i dinspre ora\u0219.<\/p>\n<p><a title=\"Una dintre tarile preferate de romani tocmai introduce o noua taxa: Cea de vizitator! Cat costa aceasta? \" href=\"https:\/\/www.realitatea.net\/stiri\/actual\/una-dintre-tarile-preferate-de-romani-tocmai-introduce-o-noua-taxa-cea-de-vizitator-cat-costa-aceasta_677d3ac14ecbbb6eec0d48d9\">Una dintre \u021b\u0103rile preferate de rom\u00e2ni tocmai introduce o nou\u0103 tax\u0103: Cea de vizitator! C\u00e2t cost\u0103 aceasta?<\/a>\u00a0<\/p>\n<p>\u00cen plus, re\u021belele de transport public local din Italia se preg\u0103tesc pentru o zi de \u00eentreruperi. Muncitorii din sindicatul FAISA-CONFAIL, care au refuzat recent un acord de re\u00eennoire, vor organiza o grev\u0103 de patru ore. De\u0219i programul exact al ac\u021biunii poate varia \u00een func\u021bie de ora\u0219, naveti\u0219tii din marile aglomer\u0103ri urbane ar trebui s\u0103 fie preg\u0103ti\u021bi pentru \u00eent\u00e2rzieri sau servicii reduse \u00een autobuze, tramvaie \u0219i metrouri. Ora\u0219e precum Roma, Milano \u0219i Napoli ar putea experimenta aglomera\u021bie \u00een mijloacele de transport, deoarece mul\u021bi oameni vor c\u0103uta alternative la serviciile afectate, ceea ce ar putea duce la congestie \u00een traficul din centrul ora\u0219elor.<\/p>\n<p>Aten\u021bionare de la MAE<\/p>\n<p>Ministerul Afacerilor Externe (MAE) informeaz\u0103 cet\u0103\u021benii rom\u00e2ni care se afl\u0103, tranziteaz\u0103 sau inten\u021bioneaz\u0103 s\u0103 c\u0103l\u0103toreasc\u0103 \u00een Republica Italian\u0103, c\u0103, la data de 10 ianuarie 2025, \u00eentre orele 00.00 &#8211; 23.59 va fi organizat\u0103 o grev\u0103 la nivel na\u021bional, care va afecta transportul aerian, rutier \u0219i feroviar.Cet\u0103\u021benii rom\u00e2ni pot solicita asisten\u021b\u0103 consular\u0103 la numerele de telefon ale Consulatului General al Rom\u00e2niei la Roma: +39 06 835 233 44; +39 06 835 233 52; +39 06 835 233 58; +39 06 835 233 56; +39 06 835 233 69; +39 06 835 233 71; +39 06 835 233 74, apelurile fiind redirec\u021bionate c\u0103tre Centrul de Contact \u0219i Suport al Cet\u0103\u021benilor Rom\u00e2ni din Str\u0103in\u0103tate (CCSCRS) \u0219i preluate de c\u0103tre operatorii Call Center \u00een regim de permanen\u021b\u0103.Totodat\u0103, cet\u0103\u021benii rom\u00e2ni care se confrunt\u0103 cu o situa\u021bie dificil\u0103, special\u0103, cu un caracter de urgen\u021b\u0103, au la dispozi\u021bie \u0219i urm\u0103toarele linii telefonice de urgen\u021b\u0103 \u00een func\u021bie de regiune:* Consulatul General al Rom\u00e2niei la Roma: +39 345.147.3935;* Consulatul General al Rom\u00e2niei la Milano: +39 366.108.1444;* Consulatul General al Rom\u00e2niei la Bologna: +39 324.803.5171;* Consulatul General al Rom\u00e2niei la Torino: +39 338. 756 .8134;* Consulatul General al Rom\u00e2niei la Trieste: +39 340.882.1688;* Consulatul General al Rom\u00e2niei la Bari: +39 334.604.2299;* Consulatul Rom\u00e2niei la Catania: +39 320.965.3137.<\/p>\n<p><a title=\"Atentionare de calatorie pentru Belgia transmisa de MAE. E greva in transportul public\" href=\"https:\/\/www.realitatea.net\/stiri\/actual\/atentionare-de-calatorie-pentru-belgia-transmisa-de-mae-e-greva-in-transportul-public_6780435ededd6809390a226b\">Aten\u021bionare de c\u0103l\u0103torie pentru Belgia transmis\u0103 de MAE. E grev\u0103 \u00een transportul public<\/a><\/p>","protected":false},"excerpt":{"rendered":"<p>Protestele de vineri, sprijinite de unele dintre cele mai mari sindicate italiene, au loc pe&hellip;<\/p>\n","protected":false},"author":0,"featured_media":22988,"comment_status":"open","ping_status":"open","sticky":false,"template":"","format":"standard","meta":{"footnotes":""},"categories":[2],"tags":[],"class_list":["post-22999","post","type-post","status-publish","format-standard","has-post-thumbnail","hentry","category-actual"],"_links":{"self":[{"href":"https:\/\/247stiri.ro\/index.php\/wp-json\/wp\/v2\/posts\/22999","targetHints":{"allow":["GET"]}}],"collection":[{"href":"https:\/\/247stiri.ro\/index.php\/wp-json\/wp\/v2\/posts"}],"about":[{"href":"https:\/\/247stiri.ro\/index.php\/wp-json\/wp\/v2\/types\/post"}],"replies":[{"embeddable":true,"href":"https:\/\/247stiri.ro\/index.php\/wp-json\/wp\/v2\/comments?post=22999"}],"version-history":[{"count":0,"href":"https:\/\/247stiri.ro\/index.php\/wp-json\/wp\/v2\/posts\/22999\/revisions"}],"wp:featuredmedia":[{"embeddable":true,"href":"https:\/\/247stiri.ro\/index.php\/wp-json\/wp\/v2\/media\/22988"}],"wp:attachment":[{"href":"https:\/\/247stiri.ro\/index.php\/wp-json\/wp\/v2\/media?parent=22999"}],"wp:term":[{"taxonomy":"category","embeddable":true,"href":"https:\/\/247stiri.ro\/index.php\/wp-json\/wp\/v2\/categories?post=22999"},{"taxonomy":"post_tag","embeddable":true,"href":"https:\/\/247stiri.ro\/index.php\/wp-json\/wp\/v2\/tags?post=22999"}],"curies":[{"name":"wp","href":"https:\/\/api.w.org\/{rel}","templated":true}]}}