{"id":23003,"date":"2025-01-10T08:44:58","date_gmt":"2025-01-10T08:44:58","guid":{"rendered":"https:\/\/247stiri.ro\/index.php\/2025\/01\/10\/mare-atentie-la-ce-mancati-cat-de-periculoase-sunt-fructele-de-mare-de-fapt\/"},"modified":"2025-01-10T08:44:58","modified_gmt":"2025-01-10T08:44:58","slug":"mare-atentie-la-ce-mancati-cat-de-periculoase-sunt-fructele-de-mare-de-fapt","status":"publish","type":"post","link":"https:\/\/247stiri.ro\/index.php\/2025\/01\/10\/mare-atentie-la-ce-mancati-cat-de-periculoase-sunt-fructele-de-mare-de-fapt\/","title":{"rendered":"Mare aten\u021bie la ce m\u00e2nca\u021bi! C\u00e2t de periculoase sunt fructele de mare, de fapt"},"content":{"rendered":"<p>Ce au descoperit cercet\u0103torii?<\/p>\n<p>Echipa de cercet\u0103tori a analizat 182 de <a href=\"https:\/\/www.realitatea.net\/stiri\/lifestyle\/supa-de-fructe-de-mare-cu-focaccia-cea-mai-iubita-reteta-de-pe-internet-cum-se-prepara-si-ce-trebuie-sa-adaugi-pentru-un-gust-unic_677d69a01713e32a1e4064b3\" target=\"_blank\">mostre de pe\u0219ti \u0219i creve\u021bi captura\u021bi<\/a> sau comercializa\u021bi pe coasta Oregonului. Rezultatele sunt alarmante: aproape toate mostrele con\u021bineau urme de microplastice sau alte materiale sintetice.<\/p>\n<p>Creve\u021bii au fost cei mai afecta\u021bi, prezent\u00e2nd cele mai ridicate concentra\u021bii de particule. Acest lucru este atribuit pozi\u021biei lor \u00een coloana de ap\u0103, unde sunt expu\u0219i la de\u0219eurile plutitoare \u0219i zooplancton contaminat.<\/p>\n<p>Speciile mai mari, precum somonul, au avut concentra\u021bii mai sc\u0103zute, suger\u00e2nd c\u0103 nivelul contamin\u0103rii variaz\u0103 \u00een func\u021bie de diet\u0103 \u0219i habitat.<\/p>\n<p>Cum afecteaz\u0103 microplasticele organismul?<\/p>\n<p>O constatare deosebit de alarmant\u0103 a fost prezen\u021ba microfibrelor nu doar \u00een stomacul animalelor analizate, ci \u0219i \u00een alte \u021besuturi, precum mu\u0219chii, care sunt consuma\u021bi de oameni. \u201eEste \u00eengrijor\u0103tor c\u0103 microfibrele par s\u0103 migreze \u00een alte p\u0103r\u021bi ale organismului,\u201d a declarat Susanne Brander, ecotoxicolog la Universitatea de Stat din Oregon.<\/p>\n<p>De\u0219i efectele pe termen lung asupra s\u0103n\u0103t\u0103\u021bii umane nu sunt \u00eenc\u0103 pe deplin \u00een\u021belese, cercet\u0103torii atrag aten\u021bia asupra necesit\u0103\u021bii unor studii urgente. Consumul regulat de fructe de mare contaminate ar putea avea implica\u021bii asupra s\u0103n\u0103t\u0103\u021bii noastre, av\u00e2nd \u00een vedere expunerea constant\u0103 la particule toxice.<\/p>\n<p>Ambalajele din plastic \u0219i poluarea marin\u0103<\/p>\n<p>Studiul eviden\u021biaz\u0103, de asemenea, rolul ambalajelor din plastic \u00een contaminarea fructelor de mare v\u00e2ndute pe pie\u021be. De\u0219eurile plastice ajung \u00een ecosistemele marine, iar particulele rezultate sunt ingerate de organismele acvatice.<\/p>\n<p>Rezultatele acestui studiu subliniaz\u0103 necesitatea unor m\u0103suri urgente pentru reducerea polu\u0103rii cu plastic:<\/p>\n<p>Limitarea utiliz\u0103rii ambalajelor din plastic.Promovarea pescuitului sustenabil \u0219i a unor metode mai sigure de procesare a produselor marine.Continuarea cercet\u0103rilor pentru a evalua riscurile asociate consumului de alimente contaminate cu microplastice.<\/p>\n<p><a href=\"https:\/\/www.realitatea.net\/stiri\/actual\/ministrul-mediului-pregateste-60-de-hectare-in-marea-neagra-pentru-peste-si-fructe-de-mare-proaspete-autohtone_675c7f34d048d667b659fee6\" target=\"_blank\">Fructele de mare,<\/a> considerate de mul\u021bi o alegere s\u0103n\u0103toas\u0103, ar putea deveni o surs\u0103 de \u00eengrijorare dac\u0103 problema microplasticelor nu este adresat\u0103.\u00a0<\/p>\n<p>Este esen\u021bial s\u0103 ne protej\u0103m at\u00e2t s\u0103n\u0103tatea, c\u00e2t \u0219i mediul \u00eenconjur\u0103tor, prin reducerea polu\u0103rii \u0219i adoptarea unor obiceiuri de consum mai responsabile.<\/p>\n<p>\u00a0<\/p>","protected":false},"excerpt":{"rendered":"<p>Ce au descoperit cercet\u0103torii? Echipa de cercet\u0103tori a analizat 182 de mostre de pe\u0219ti \u0219i&hellip;<\/p>\n","protected":false},"author":0,"featured_media":23004,"comment_status":"open","ping_status":"open","sticky":false,"template":"","format":"standard","meta":{"footnotes":""},"categories":[2],"tags":[],"class_list":["post-23003","post","type-post","status-publish","format-standard","has-post-thumbnail","hentry","category-actual"],"_links":{"self":[{"href":"https:\/\/247stiri.ro\/index.php\/wp-json\/wp\/v2\/posts\/23003","targetHints":{"allow":["GET"]}}],"collection":[{"href":"https:\/\/247stiri.ro\/index.php\/wp-json\/wp\/v2\/posts"}],"about":[{"href":"https:\/\/247stiri.ro\/index.php\/wp-json\/wp\/v2\/types\/post"}],"replies":[{"embeddable":true,"href":"https:\/\/247stiri.ro\/index.php\/wp-json\/wp\/v2\/comments?post=23003"}],"version-history":[{"count":0,"href":"https:\/\/247stiri.ro\/index.php\/wp-json\/wp\/v2\/posts\/23003\/revisions"}],"wp:featuredmedia":[{"embeddable":true,"href":"https:\/\/247stiri.ro\/index.php\/wp-json\/wp\/v2\/media\/23004"}],"wp:attachment":[{"href":"https:\/\/247stiri.ro\/index.php\/wp-json\/wp\/v2\/media?parent=23003"}],"wp:term":[{"taxonomy":"category","embeddable":true,"href":"https:\/\/247stiri.ro\/index.php\/wp-json\/wp\/v2\/categories?post=23003"},{"taxonomy":"post_tag","embeddable":true,"href":"https:\/\/247stiri.ro\/index.php\/wp-json\/wp\/v2\/tags?post=23003"}],"curies":[{"name":"wp","href":"https:\/\/api.w.org\/{rel}","templated":true}]}}