{"id":23009,"date":"2025-01-10T08:44:59","date_gmt":"2025-01-10T08:44:59","guid":{"rendered":"https:\/\/247stiri.ro\/index.php\/2025\/01\/10\/iccj-decide-cand-se-judeca-procesul-anului-milioane-de-romani-sunt-alaturi-de-presedintele-ales-calin-georgescu\/"},"modified":"2025-01-10T08:44:59","modified_gmt":"2025-01-10T08:44:59","slug":"iccj-decide-cand-se-judeca-procesul-anului-milioane-de-romani-sunt-alaturi-de-presedintele-ales-calin-georgescu","status":"publish","type":"post","link":"https:\/\/247stiri.ro\/index.php\/2025\/01\/10\/iccj-decide-cand-se-judeca-procesul-anului-milioane-de-romani-sunt-alaturi-de-presedintele-ales-calin-georgescu\/","title":{"rendered":"\u00ceCCJ decide c\u00e2nd se judec\u0103 procesul anului. Milioane de rom\u00e2ni sunt al\u0103turi de pre\u0219edintele ales C\u0103lin Georgescu"},"content":{"rendered":"<p>La aproape dou\u0103 s\u0103pt\u0103m\u00e2ni de c\u00e2nd magistra\u021bii Cur\u021bii de Apel Bucure\u0219ti au respins contesta\u021bia depus\u0103 de avoca\u021bii lui C\u0103lin Georgescu privind anularea alegerilor preziden\u021biale \u0219i \u00een continuare se a\u0219teapt\u0103 ca instan\u021ba s\u0103-\u0219i motiveze decizia.<\/p>\n<p>\u00cen continuare, \u00eens\u0103, sunt numeroase controverse legate de judec\u0103toarea care s-a pronun\u021bat \u00een acest caz. Avoca\u021bii pre\u0219edintelui ales au f\u0103cut recurs la \u00cenalta Curte de Casa\u021bie \u0219i Justi\u021bie \u0219i este vorba de 4 contesta\u021bi, iar acum magistra\u021bii de la Curtea Suprem\u0103 trebuie s\u0103 stabileasc\u0103 data la care se va judeca acest proces.<\/p>\n<p>Ap\u0103r\u0103torii lui C\u0103lin Georgescu spun c\u0103 tot ce s-a judecat p\u00e2n\u0103 acum este ilegal, dar c\u0103 exist\u0103 \u0219anse ca solu\u021bia \u00ceCCJ s\u0103 fie diferit\u0103 de cea a Cur\u021bii de Apel, pentru c\u0103 au mai existat situa\u021bii \u00een care instan\u021ba superioar\u0103 a respins decizia de fond a cauzei \u0219i admis recursul.<\/p>\n<p>\u00cen caz contrat, mai spun avoca\u021bii lui C\u0103lin Georgescu, dac\u0103 \u0219i aceasta contesta\u021bie va fi respins\u0103, va fi o confirmare clar\u0103 c\u0103 se \u00eencalc\u0103, din nou, democra\u021bia \u0219i libert\u0103\u021bile fundamentale ale rom\u00e2nilor.<\/p>","protected":false},"excerpt":{"rendered":"<p>La aproape dou\u0103 s\u0103pt\u0103m\u00e2ni de c\u00e2nd magistra\u021bii Cur\u021bii de Apel Bucure\u0219ti au respins contesta\u021bia depus\u0103&hellip;<\/p>\n","protected":false},"author":0,"featured_media":22994,"comment_status":"open","ping_status":"open","sticky":false,"template":"","format":"standard","meta":{"footnotes":""},"categories":[2],"tags":[],"class_list":["post-23009","post","type-post","status-publish","format-standard","has-post-thumbnail","hentry","category-actual"],"_links":{"self":[{"href":"https:\/\/247stiri.ro\/index.php\/wp-json\/wp\/v2\/posts\/23009","targetHints":{"allow":["GET"]}}],"collection":[{"href":"https:\/\/247stiri.ro\/index.php\/wp-json\/wp\/v2\/posts"}],"about":[{"href":"https:\/\/247stiri.ro\/index.php\/wp-json\/wp\/v2\/types\/post"}],"replies":[{"embeddable":true,"href":"https:\/\/247stiri.ro\/index.php\/wp-json\/wp\/v2\/comments?post=23009"}],"version-history":[{"count":0,"href":"https:\/\/247stiri.ro\/index.php\/wp-json\/wp\/v2\/posts\/23009\/revisions"}],"wp:featuredmedia":[{"embeddable":true,"href":"https:\/\/247stiri.ro\/index.php\/wp-json\/wp\/v2\/media\/22994"}],"wp:attachment":[{"href":"https:\/\/247stiri.ro\/index.php\/wp-json\/wp\/v2\/media?parent=23009"}],"wp:term":[{"taxonomy":"category","embeddable":true,"href":"https:\/\/247stiri.ro\/index.php\/wp-json\/wp\/v2\/categories?post=23009"},{"taxonomy":"post_tag","embeddable":true,"href":"https:\/\/247stiri.ro\/index.php\/wp-json\/wp\/v2\/tags?post=23009"}],"curies":[{"name":"wp","href":"https:\/\/api.w.org\/{rel}","templated":true}]}}