{"id":23024,"date":"2025-01-10T09:44:57","date_gmt":"2025-01-10T09:44:57","guid":{"rendered":"https:\/\/247stiri.ro\/index.php\/2025\/01\/10\/marcel-ciolacu-a-anuntat-in-guvern-cand-vor-avea-lor-alegerile-prezidentiale\/"},"modified":"2025-01-10T09:44:57","modified_gmt":"2025-01-10T09:44:57","slug":"marcel-ciolacu-a-anuntat-in-guvern-cand-vor-avea-lor-alegerile-prezidentiale","status":"publish","type":"post","link":"https:\/\/247stiri.ro\/index.php\/2025\/01\/10\/marcel-ciolacu-a-anuntat-in-guvern-cand-vor-avea-lor-alegerile-prezidentiale\/","title":{"rendered":"Marcel Ciolacu a anun\u021bat \u00een Guvern c\u00e2nd vor avea lor alegerile preziden\u021biale"},"content":{"rendered":"<p>\u201eAvem un acord politic privind organizarea alegerilor preziden\u021biale &#8211; turul \u00eent\u00e2i pe 4 mai, cel de al doilea &#8211; pe 18 mai.\u00a0<\/p>\n<p>Exist\u0103, \u00een mod firesc, o uria\u0219\u0103 a\u0219teptare public\u0103 legat\u0103 de fixarea acestor date.\u00a0<\/p>\n<p>Acum, preg\u0103tim legisla\u021bia necesar\u0103 pentru organizarea alegerilor \u0219i asta va fi prioritatea Guvernului pentru urm\u0103toarea \u0219edin\u021b\u0103 de guvern, mai exact s\u0103pt\u0103m\u00e2na viitoare se vor aproba toate documentele necesare pentru alegeri pe 4 mai \u0219i pe 18 mai\u201d, a declarat Ciolacu.<\/p>","protected":false},"excerpt":{"rendered":"<p>\u201eAvem un acord politic privind organizarea alegerilor preziden\u021biale &#8211; turul \u00eent\u00e2i pe 4 mai, cel&hellip;<\/p>\n","protected":false},"author":0,"featured_media":23025,"comment_status":"open","ping_status":"open","sticky":false,"template":"","format":"standard","meta":{"footnotes":""},"categories":[3],"tags":[],"class_list":["post-23024","post","type-post","status-publish","format-standard","has-post-thumbnail","hentry","category-politica"],"_links":{"self":[{"href":"https:\/\/247stiri.ro\/index.php\/wp-json\/wp\/v2\/posts\/23024","targetHints":{"allow":["GET"]}}],"collection":[{"href":"https:\/\/247stiri.ro\/index.php\/wp-json\/wp\/v2\/posts"}],"about":[{"href":"https:\/\/247stiri.ro\/index.php\/wp-json\/wp\/v2\/types\/post"}],"replies":[{"embeddable":true,"href":"https:\/\/247stiri.ro\/index.php\/wp-json\/wp\/v2\/comments?post=23024"}],"version-history":[{"count":0,"href":"https:\/\/247stiri.ro\/index.php\/wp-json\/wp\/v2\/posts\/23024\/revisions"}],"wp:featuredmedia":[{"embeddable":true,"href":"https:\/\/247stiri.ro\/index.php\/wp-json\/wp\/v2\/media\/23025"}],"wp:attachment":[{"href":"https:\/\/247stiri.ro\/index.php\/wp-json\/wp\/v2\/media?parent=23024"}],"wp:term":[{"taxonomy":"category","embeddable":true,"href":"https:\/\/247stiri.ro\/index.php\/wp-json\/wp\/v2\/categories?post=23024"},{"taxonomy":"post_tag","embeddable":true,"href":"https:\/\/247stiri.ro\/index.php\/wp-json\/wp\/v2\/tags?post=23024"}],"curies":[{"name":"wp","href":"https:\/\/api.w.org\/{rel}","templated":true}]}}