{"id":23026,"date":"2025-01-10T09:44:57","date_gmt":"2025-01-10T09:44:57","guid":{"rendered":"https:\/\/247stiri.ro\/index.php\/2025\/01\/10\/a-inceput-protestul-romanilor-care-s-au-saturat-sa-fie-umiliti-realitatea-plus-televiziunea-poporului-alaturi-de-cetateni-mii-de-oameni-sunt-in-strada-sa-va-fie-frica-poporul-se-ridica-li\/"},"modified":"2025-01-10T09:44:57","modified_gmt":"2025-01-10T09:44:57","slug":"a-inceput-protestul-romanilor-care-s-au-saturat-sa-fie-umiliti-realitatea-plus-televiziunea-poporului-alaturi-de-cetateni-mii-de-oameni-sunt-in-strada-sa-va-fie-frica-poporul-se-ridica-li","status":"publish","type":"post","link":"https:\/\/247stiri.ro\/index.php\/2025\/01\/10\/a-inceput-protestul-romanilor-care-s-au-saturat-sa-fie-umiliti-realitatea-plus-televiziunea-poporului-alaturi-de-cetateni-mii-de-oameni-sunt-in-strada-sa-va-fie-frica-poporul-se-ridica-li\/","title":{"rendered":"A \u00eenceput protestul rom\u00e2nilor care s-au s\u0103turat s\u0103 fie umili\u021bi. Realitatea PLUS, televiziunea poporului, al\u0103turi de cet\u0103\u021beni. Mii de oameni sunt \u00een strad\u0103: &#8222;S\u0103 v\u0103 fie fric\u0103, poporul se ridic\u0103!&#8221; &#8211; LIVE TEXT \u0219i VIDEO"},"content":{"rendered":"<p>VEZI IMAGINI LIVE &#8211; REALITATEA PLUS, TELEVIZIUNEA POPORULUI, ESTE AL\u0102TURI DE CET\u0102\u021aENII ROM\u00c2NI!<\/p>\n\n<p>UPDATE 10:10 &#8211; &#8222;Sper c\u0103 judec\u0103torii de la CCR s\u0103 \u00een\u021beleag\u0103 gravitatea situa\u021biei \u00een care au aruncat Rom\u00e2nia \u0219i poporul rom\u00e2n. Nu s-ar fi \u00eent\u00e2mplat nimic din toate acestea dac\u0103 l\u0103sau alegerile preziden\u021biale sa decurg\u0103 \u00een mod normal, a\u0219a cum au validat turul 1 de scrutin.\u00a0<\/p>\n<p>Sunt mailurile blocate datorit\u0103 miilor de mailuri trimise pentru c\u0103 oamenii cer s\u0103 intr\u0103m \u00een legalitate \u0219i s\u0103 se reia turul 2.\u00a0<\/p>\n<p>Am primit num\u0103rul de \u00eenregistrare a cererilor. Am cerut s\u0103 se ia \u00een calcul at\u00e2t cererea de revizuire a lui C\u0103lin Georgescu, c\u00e2t \u0219i toate cererile de revizuire care au fost depuse pentru reluarea turului 2 al preziden\u021bialelor de acolo de unde ilegal au fost \u00eentrerupte. Toate notificarile oamenilor, toate vor fi luate \u00een parte, vor fi opisate \u0219i depuse aici&#8221;, a spus\u00a0 avocata lui C\u0103lin Georgescu, Marina Alexandru, \u00eentr-o interven\u021bie la Realitatea PLUS.<\/p>\n<p>\u00centrebat\u0103 cum vede faptul c\u0103 parlamentarii AUR se al\u0103tur\u0103 protestului, aceasta a replicat: &#8222;Parlamentarii s\u0103-\u0219i fac\u0103 datoria pe care o au pentru c\u0103, la momentul acesta, este singurul organism legal pe care-l avem. Domnilor parlamentari, merge\u021bi s\u0103 v\u0103 face\u021bi datoria. Ideea e \u00een felul urm\u0103tor: institu\u021bia preziden\u021bial\u0103 e descoperit\u0103. Avem un cet\u0103\u021bean, nu mai este pre\u0219edinte. Nu avem pre\u0219edinte \u00eenvestit, avem un cet\u0103\u021bean care ocup\u0103 scaunul preziden\u021bial \u0219i un guvern ilegitim.&#8221;<\/p>\n<p>\u00a0<\/p>\n<p>UPDATE 11:00 &#8211; Aproximativ 2.500 de oameni sunt \u00een fa\u021ba Palatul Parlamentului.\u00a0<\/p>\n\n<p>UPDATE 10:45 &#8211; Avocata lui C\u0103lin Georgescu a depus la Curtea Constitu\u021bional\u0103 o nou\u0103 ac\u021biune, respectiv o cerere pentru revizuirea deciziei de anulare a alegerilor de pe 6 decembrie.<\/p>\n<p>&#8222;Mul\u021bumim pentru unitate. Se \u0219tie \u00een\u0103untru de mesajul pe care noi to\u021bi l-am transmis de repunere \u00een ordinea constitu\u021bional\u0103. De aceea v\u0103 rog s\u0103 r\u0103m\u00e2nem pa\u0219nici. Vom fi rechemate \u0219i eu, \u0219i colega mea pentru c\u0103 ni s-a spus lucrul acesta. Dup\u0103 ce vom opisa toate notific\u0103rile, ca s\u0103 ne asigur\u0103m c\u0103 nu r\u0103m\u00e2ne nicuna luat\u0103 \u00een seam\u0103, i-am anun\u021bat c\u0103 vom reveni \u0219i c\u0103 le vom depune. Asta \u00eentr-o zi pentru c\u0103 nu rezolv\u0103m ast\u0103zi situa\u021bia. Nu vom avea un r\u0103spuns ast\u0103zi s\u0103 ne spun\u0103 CCR-ul gata, am rezolvat situa\u021bia. Acum \u00eencepe procedura aceasta pentru solu\u021bionarea cererilor de revizuire a domnului pre\u0219edinte C\u0103lin Georgescu \u0219i a tuturor celorlalte cereri de revizuire. S\u0103 nu d\u0103m curs instigatorilor pentru c\u0103 se dore\u0219te lucrul \u0103sta&#8221;, a declarat avocata lui C\u0103lin Georgescu, Marina Alexandru, la ie\u0219irea de la CCR.\u00a0<\/p>\n<p>UPDATE 10:25 &#8211; Din cauza aglomera\u021biei, unei persoane i s-a f\u0103cut r\u0103u. Medicii sunt la fa\u021ba locului \u0219i \u00eei acord\u0103 \u00eengrijiri. Aproximativ 1300 de oameni iau parte la protestul pa\u0219nic.<\/p>\n<p>UPDATE 10:00 &#8211; Potrivit unei num\u0103r\u0103tori neoficiale, \u00een jur de 1000 de oameni sunt deja la protest.<\/p>\n<p>UPDATE 9:45 &#8211; Avocata lui C\u0103lin Georgescu, Marina Alexandru, a ajuns la CCR.<\/p>\n<p>La protest a fost adus \u0219i un sicriu pe care scrie &#8222;DEMOCRA\u021aIE&#8221;.<\/p>\n\n<p>UPDATE 9:00 &#8211; Autocare pline se \u00eendreapt\u0103 spre Capital\u0103. \u0218oferii rom\u00e2ni au lipit afi\u0219e pe ma\u0219ini: &#8222;Jos cu mafia din Guvern!&#8221;<\/p>\n\n<p>Poarta CCR a fost legat\u0103 cu lan\u021buri.\u00a0<\/p>\n\n<p>VEZI IMAGINI LIVE &#8211; REALITATEA PLUS, TELEVIZIUNEA POPORULUI, ESTE AL\u0102TURI DE CET\u0102\u021aENII ROM\u00c2NI!<\/p>\n\n<p>Oameni din toate colu\u021burile \u021b\u0103rii au \u00eenceput s\u0103 se str\u00e2ng\u0103, de la ora 8:00, pe toate arterele principale de intrare ale Palatului Parlamentului. Oamenii sunt uni\u021bi de acela\u0219i scop, s\u0103 cear\u0103 reluarea turului 2 al alegerilor preziden\u021biale.\u00a0<\/p>\n<p><a title=\"@johnnyexpeditiontranspor\" href=\"https:\/\/www.tiktok.com\/@johnnyexpeditiontranspor?refer=embed\" target=\"_blank\">@johnnyexpeditiontranspor<\/a><\/p>\n<p>\u00a0<\/p>\n<p><a title=\"\u266c sunet original - nnnnn\" href=\"https:\/\/www.tiktok.com\/music\/sunet-original-7069420148809026310?refer=embed\" target=\"_blank\">\u266c sunet original &#8211; nnnnn<\/a><\/p>\n<p>Realitatea PLUS, televiziunea poporului, transmite, or\u0103 de or\u0103, imagini \u0219i m\u0103rturii din mijlocul rom\u00e2nilor umili\u021bi de politicienii afla\u021bi la putere \u0219i care cer s\u0103 se fac\u0103 dreptate.\u00a0<\/p>\n<p>Ziua de ast\u0103zi va fi un test sub presiune asupra justi\u021biei \u0219i asupra clasei politice. R\u0103m\u00e2ne de v\u0103zut dac\u0103 mai sunt sau nu la m\u00e2na Sistemului.\u00a0<\/p>\n<p>&#8222;Mai este o \u0219ans\u0103 ast\u0103zi. Cei 9 magnifici au \u0219ansa azi s\u0103 se reabiliteze \u00een ochii rom\u00e2nilor \u0219i sper s\u0103 o fac\u0103 cu succes. Pot s\u0103 reintroduc\u0103 normalitatea unei \u021b\u0103ri democratice azi, a\u0219a cum ne place s\u0103 credem c\u0103 sunem&#8221;, a declarat, \u00eentr-o interven\u021bie la Realitatea PLUS, Silvestru \u0218o\u0219oac\u0103.\u00a0<\/p>\n<p>\u00a0<\/p>","protected":false},"excerpt":{"rendered":"<p>VEZI IMAGINI LIVE &#8211; REALITATEA PLUS, TELEVIZIUNEA POPORULUI, ESTE AL\u0102TURI DE CET\u0102\u021aENII ROM\u00c2NI! UPDATE 10:10&hellip;<\/p>\n","protected":false},"author":0,"featured_media":23027,"comment_status":"open","ping_status":"open","sticky":false,"template":"","format":"standard","meta":{"footnotes":""},"categories":[3],"tags":[],"class_list":["post-23026","post","type-post","status-publish","format-standard","has-post-thumbnail","hentry","category-politica"],"_links":{"self":[{"href":"https:\/\/247stiri.ro\/index.php\/wp-json\/wp\/v2\/posts\/23026","targetHints":{"allow":["GET"]}}],"collection":[{"href":"https:\/\/247stiri.ro\/index.php\/wp-json\/wp\/v2\/posts"}],"about":[{"href":"https:\/\/247stiri.ro\/index.php\/wp-json\/wp\/v2\/types\/post"}],"replies":[{"embeddable":true,"href":"https:\/\/247stiri.ro\/index.php\/wp-json\/wp\/v2\/comments?post=23026"}],"version-history":[{"count":0,"href":"https:\/\/247stiri.ro\/index.php\/wp-json\/wp\/v2\/posts\/23026\/revisions"}],"wp:featuredmedia":[{"embeddable":true,"href":"https:\/\/247stiri.ro\/index.php\/wp-json\/wp\/v2\/media\/23027"}],"wp:attachment":[{"href":"https:\/\/247stiri.ro\/index.php\/wp-json\/wp\/v2\/media?parent=23026"}],"wp:term":[{"taxonomy":"category","embeddable":true,"href":"https:\/\/247stiri.ro\/index.php\/wp-json\/wp\/v2\/categories?post=23026"},{"taxonomy":"post_tag","embeddable":true,"href":"https:\/\/247stiri.ro\/index.php\/wp-json\/wp\/v2\/tags?post=23026"}],"curies":[{"name":"wp","href":"https:\/\/api.w.org\/{rel}","templated":true}]}}