{"id":23035,"date":"2025-01-10T09:45:00","date_gmt":"2025-01-10T09:45:00","guid":{"rendered":"https:\/\/247stiri.ro\/index.php\/2025\/01\/10\/george-simion-declaratii-din-focul-confruntarilor-de-la-ccr-ne-punem-increderea-ca-nu-toate-institutiile-statului-roman-vor-fi-acaparate\/"},"modified":"2025-01-10T09:45:00","modified_gmt":"2025-01-10T09:45:00","slug":"george-simion-declaratii-din-focul-confruntarilor-de-la-ccr-ne-punem-increderea-ca-nu-toate-institutiile-statului-roman-vor-fi-acaparate","status":"publish","type":"post","link":"https:\/\/247stiri.ro\/index.php\/2025\/01\/10\/george-simion-declaratii-din-focul-confruntarilor-de-la-ccr-ne-punem-increderea-ca-nu-toate-institutiile-statului-roman-vor-fi-acaparate\/","title":{"rendered":"George Simion, declara\u021bii din focul confrunt\u0103rilor de la CCR: \u201eNe punem \u00eencrederea c\u0103 nu toate institu\u021biile statului rom\u00e2n vor fi acaparate\u201d"},"content":{"rendered":"<p>George Simion a fost vocal \u00een privin\u021ba necesit\u0103\u021bii de a asculta vocea poporului rom\u00e2n, afirm\u00e2nd c\u0103 solicitarea unei \u00eent\u00e2lniri cu reprezentan\u021bii CCR nu este o form\u0103 de presiune. Simion a adus \u00een discu\u021bie \u0219i protestele care s-au desf\u0103\u0219urat \u00een fa\u021ba Cur\u021bii, afirm\u00e2nd c\u0103 num\u0103rul participan\u021bilor dep\u0103\u0219e\u0219te cu mult estim\u0103rile oficiale. El a insistat asupra ideii c\u0103, indiferent de cifrele vehiculate \u00een media, esen\u021bial este faptul c\u0103 cet\u0103\u021benii rom\u00e2ni \u00ee\u0219i doresc s\u0103-\u0219i exprime opiniile \u0219i s\u0103 fie auzi\u021bi.<\/p>\n<p>\u00cen contextul abuzurilor pe care le-a \u00eent\u00e2mpinat, inclusiv restric\u021bionarea accesului la CCR \u0219i confiscarea telefonului s\u0103u de c\u0103tre autorit\u0103\u021bi, Simion a subliniat c\u0103 aceste ac\u021biuni nu fac dec\u00e2t s\u0103 \u00eent\u0103reasc\u0103 determinarea sa \u0219i a colegilor s\u0103i de a lupta pentru dreptate \u0219i democra\u021bie.<\/p>\n<p>\u201eNu ne este permis accesul, inclusiv avocatii domnului Georgescu nu pot intra. Eu am fost interpelat de foarte multi cetateni, care mi-au dat aceste solicitari. Sunt astazi alaturi de toti parlamentarii AUR, alaturi de poporul roman<\/p>\n<p>Vrem sa discutam cu cineva de la CCR, nu este o forma de presiune cum pretind unii si altii care ar vrea probabil sa nu mai existe proteste, ar trebui sa stam linistiti la locurile noastre ca stiu ei ce sa faca. Sa faca alegerile peste doi ani, pestre trei ani, sa decida ei cine este presedintele ca aparent poporul roman daca decide nu este bine. Suntem aici pentru a apara democratia, pentru a apara statul de drept. Foarte multe televiziuni mint la ora asta si spun ca sunt cateva sute de oameni. Eu personal, daca nu ati fost dumneavoastra sau aveti alti colegi acolo, vreau sa va duc sa vedeti realitatea cu ochii dumneavoastra.<\/p>\n<p>Sunt peste zece mii de oameni in momentul asta, protestand pasnic in fata Curtii Contitutionale. Ca sunt cateva sute sau ca sunt zece mii, nici nu conteaza, conteaza ca traim intr-o dictatura incepand cu 6 decembrie. Luna ianuarie de fiecare data in acesti 35 de ani a fost o luna in care parlamentarii au fost in concediu. Noi cerem declansarea unei sesiuni extraordinare pentru a adopta bugetul tarii, pentru a decide cat mai reprede data alegerilor, petru a deveni la cadru democratic si pentru a auzi vocea poporului, acea voce a poporului despre care s-a laudat Marcel Ciuolacu ca a auzit-o, pentru ca dupa trei zile sa fie numit tot el premier, si tot in aceasi componenta. Pe langa aceasta lovitura de stat este dureros si felul in care suntem sfidati. Nu este posibil asa ceva. Sunt efectiv milioane de oameni care au votat, care vroiau sa voteze in turul doi, care au raspuns apelului din societate de ani de zile \u201dMergeti si votati\u201d Au votat. Acum nu este bine ca merg si voteaza?<\/p>\n<p>Suntem aici pentru a apara democratia, ne-am asumat organizarea unui mare miting de protest, am despus si am trecut prin furcile caudine ale atorizarii de catre institutiile statului si duminica, incepand cu ora 14, pornind din Piata Universitatii, unde a curs sange pentru ca romanii sa fie liberi, zeci de mii de romani vor demonstra pasnic.<\/p>\n<p>Ne punem increderea ca nu toate institutiile statului roman vor fi acaparate, si vor fi alaturi de noi in acest demers de a oferi romanilor o platforma pentru a protesta pasnic. Nu este protestul nostru, este protestul poporului roman, noi doar mijlocim, noi doar punem la dispozitia romanilor posibilitatea de a-si exercita drepturile democratice\u201d a spus Geroge Simion.<\/p>\n<p><a title='George Simion nu crede in alegerile din mai: ,,Sunt disperati ca nu gasesc asa zisele dovezi\"' href=\"https:\/\/www.realitatea.net\/stiri\/actual\/geroge-simion-nu-crede-in-alegerile-din-mai-sunt-disperati-ca-nu-gasesc-asa-zisele-dovezi_677ed37ba0e8657c9f558eb2\">George Simion nu crede \u00een alegerile din mai: \u201eSunt dispera\u0163i c\u0103 nu g\u0103sesc a\u015fa zisele dovezi\u201d<\/a><\/p>\n<p>In ceea ce priveste declaratia recenta a lui Alfred Simonis prin care spunea ca PSD a data voturi pentru AUR, liderul suverani\u0219tilor a declarat:<\/p>\n<p>\u201eLa fel ca majoritatea declaratiilor lui Alfred Simonis \u0219i ale lui Marcel Ciolacu, este o declaratie mincinoasa, si atata timp cat ei s-au filmat, aveau in plan sa spuna asta tocmai pentru a ataca AUR. Realitatea dura din sectiile de vot arata altceva. daca au dat voturi, ceea ce ar reprezenta un fapt penal, cu siguranta nu au dat candidatul George Simion. Pe candidatul George Simion l-au defavorizat permanent, inclusiv in ziua votului, si datele de la sectiile de votare o arata\u201d, a mai spus liderul AUR.<\/p>\n<p>Intrebat de un reporter cum isi explica faptul ca nu s-a dat voie avocatilor sa intre la CCR, George Simion a raspuns:<\/p>\n<p>\u201eEi au fost capabili sa dea o lovitura de stat, ei din 6 decembrie sunt in plina dictatura si vor sa stea pana in august, spun unii, sa mai ramana faraonul la Cotroceni pana la toamna, eventual, cred ca au mai ramas unele state in Africa pe care nu le-a vizitat. Asa ca nu ne surprinde faptul ca nu perit ei accesul avocatilor, probabil ca pana la urma vom folosi un subterfugiu, le vom face acces pe la Camera Deputatilor si ii vom aduce aici ca sa depuna aceste cereri. Sunt peste 20.000 de astfel de cereri, grupul AUR a depus, conform Constitutiei, o solicitare de revizuire a deciziei, in urma cu 2 saptamani, insa, pentru a arata faptul ca noi intelegem sa aparam democratia, fiecare dintre parlamentarii AUR o astfel de solicitare si vor sa o depuna la registratura. Eu am fost victima acestui stat dictatorial, cu trei zile inainte de alegerile europarlamentare am fost saltati de procurori, si procuratura, de nenumarate ori, si-a inchis portile in momentul in care noi doream sa cerem detalii despre acel dosar. Asa ca, daca astazi se inchide accesul spre registratura CCR, abuziv, nu ma surprinde, si la Parchetul General au facut de nenumarate ori aceste lucruri, iar eu de 6 luni de zile nu ma aflu in posesia propriului telefon ,Este rechizitionat de Parchetul General fara a mi se oferi detalii. Deci va dati seama cu ce fel de abuzuri ne confruntam.\u201d<\/p>\n<p>Intrebat de plecarea lui Calin Georgescu din tara, George Simion a raspuns:<\/p>\n<p>\u201eSi eu o sa parasesc tara. Va anunt ca in trei ore ma voi afla pe Aeroportul Otopeni pentru a ma deplasa in capitala Poloniei, Varsovia, unde am o intalnire cu presedintele Lege si Justitiei, Jaroslav Kacinski. Domnul Calin Georgescu nu trebuie sa fie aparat de nimeni A spus-o chiar el, \u201eMa duc la institutiile europene pentru a cauta dreptatea\u201d si domnul Georgescu astazi a solicitat oamenilor sa vina cu aceasta hartie Asta e forma de protest. Nu a incurajat la altceva. Noi duminica am depus o solicitare de protest conform Legii 60\/1990 si aceasta solicitare ni s-a aprobat si vom desfasura intr-adevar un miting de protest unde vor veni cel putin zeci de mii de oameni.\u201d<\/p>\n<p><a title='\"Marea unire juridica\" - Demers fara precedent pentru reluarea turului 2 al prezidentialelor. Moment crucial, astazi, la CCR' href=\"https:\/\/www.realitatea.net\/stiri\/justitie\/marea-unire-juridica-demers-fara-precedent-pentru-reluarea-turului-2-al-prezidentialelor-moment-crucial-astazi-la-ccr_6780b0d904fef90f8b1b35e2\">&#8222;Marea unire juridic\u0103&#8221; &#8211; Demers f\u0103r\u0103 precedent pentru reluarea turului 2 al preziden\u021bialelor. Moment crucial, ast\u0103zi, la CCR<\/a><\/p>","protected":false},"excerpt":{"rendered":"<p>George Simion a fost vocal \u00een privin\u021ba necesit\u0103\u021bii de a asculta vocea poporului rom\u00e2n, afirm\u00e2nd&hellip;<\/p>\n","protected":false},"author":0,"featured_media":23019,"comment_status":"open","ping_status":"open","sticky":false,"template":"","format":"standard","meta":{"footnotes":""},"categories":[2],"tags":[],"class_list":["post-23035","post","type-post","status-publish","format-standard","has-post-thumbnail","hentry","category-actual"],"_links":{"self":[{"href":"https:\/\/247stiri.ro\/index.php\/wp-json\/wp\/v2\/posts\/23035","targetHints":{"allow":["GET"]}}],"collection":[{"href":"https:\/\/247stiri.ro\/index.php\/wp-json\/wp\/v2\/posts"}],"about":[{"href":"https:\/\/247stiri.ro\/index.php\/wp-json\/wp\/v2\/types\/post"}],"replies":[{"embeddable":true,"href":"https:\/\/247stiri.ro\/index.php\/wp-json\/wp\/v2\/comments?post=23035"}],"version-history":[{"count":0,"href":"https:\/\/247stiri.ro\/index.php\/wp-json\/wp\/v2\/posts\/23035\/revisions"}],"wp:featuredmedia":[{"embeddable":true,"href":"https:\/\/247stiri.ro\/index.php\/wp-json\/wp\/v2\/media\/23019"}],"wp:attachment":[{"href":"https:\/\/247stiri.ro\/index.php\/wp-json\/wp\/v2\/media?parent=23035"}],"wp:term":[{"taxonomy":"category","embeddable":true,"href":"https:\/\/247stiri.ro\/index.php\/wp-json\/wp\/v2\/categories?post=23035"},{"taxonomy":"post_tag","embeddable":true,"href":"https:\/\/247stiri.ro\/index.php\/wp-json\/wp\/v2\/tags?post=23035"}],"curies":[{"name":"wp","href":"https:\/\/api.w.org\/{rel}","templated":true}]}}