{"id":23038,"date":"2025-01-10T09:45:01","date_gmt":"2025-01-10T09:45:01","guid":{"rendered":"https:\/\/247stiri.ro\/index.php\/2025\/01\/10\/anca-alexandrescu-mesaj-de-sustinere-pentru-romani-in-ziua-marii-uniri-juridice-nu-este-un-protest-este-un-manifest-al-romanilor-batjocoriti\/"},"modified":"2025-01-10T09:45:01","modified_gmt":"2025-01-10T09:45:01","slug":"anca-alexandrescu-mesaj-de-sustinere-pentru-romani-in-ziua-marii-uniri-juridice-nu-este-un-protest-este-un-manifest-al-romanilor-batjocoriti","status":"publish","type":"post","link":"https:\/\/247stiri.ro\/index.php\/2025\/01\/10\/anca-alexandrescu-mesaj-de-sustinere-pentru-romani-in-ziua-marii-uniri-juridice-nu-este-un-protest-este-un-manifest-al-romanilor-batjocoriti\/","title":{"rendered":"Anca Alexandrescu, mesaj de sus\u021binere pentru rom\u00e2ni, \u00een ziua Marii Uniri Juridice: Nu este un protest, este un manifest al rom\u00e2nilor batjocori\u021bi"},"content":{"rendered":"<p>&#8222;Eu a\u0219 spune c\u0103 este un manifest al rom\u00e2nilor dup\u0103 at\u00e2\u021bia ani \u00een care drepturile le-au fost c\u0103lcate \u00een picioare, dup\u0103 ce de c\u00e2teva luni asist\u0103m la un \u0219ir lung de ilegalit\u0103\u021bi pe care politicienii le accept\u0103 \u00eenchiz\u00e2nd ochii: mandatul Avocatului Poporului este expirat din luna iunie, c\u0103 fostul pre\u0219edinte Klaus Iohannis, acum un locatar ilegitim la Cotroceni, este \u00een continuare \u00een func\u021bie, un guvern numit de un pre\u0219edinte care nu mai este \u00een mandat \u0219i nu mai are imunitate, o decizie a CCR care este ilegal\u0103 \u0219i asist\u0103m la o indiferen\u021b\u0103 a clasei politice vizavi de legile care ar trebui modificare pentru ca Rom\u00e2nia s\u0103 nu mai fie \u00een aceast\u0103 situa\u021bie.<\/p>\n<p>Pe mine acest lucru m\u0103 deranjeaz\u0103, m\u0103 a\u0219tept s\u0103 se \u00eent\u00e2mple ceva cu politicienii, s\u0103 se trezeasc\u0103 \u0219i s\u0103 aud\u0103 glasul rom\u00e2nilor.Din ce v\u0103d c\u0103 au f\u0103cut \u00een ultimele dou\u0103 s\u0103pt\u0103m\u00e2ni mi se pare c\u0103 \u00een continuare nu aud sau se fac c\u0103 nu aud glasul rom\u00e2nilor, merg \u00een continuare oe acela\u0219i drum al ilegalit\u0103\u021bii, pe aceea\u0219i sfidare \u0219i arogan\u021b\u0103. Unii vin \u0219i spun c\u0103 sunt c\u00e2teva sute, poate o mie de oameni, dar g\u00e2ndi\u021bi-v\u0103 c\u0103 azi e vineri, ora 10, foarte mul\u021bi oameni sunt la munc\u0103. Sunt convins c\u0103 duminic\u0103, \u00een pia\u021b\u0103, unde voi fi \u0219i eu, vor fi \u0219i mai mul\u021bi oameni \u0219i vor fi fin ce \u00een ce mai mul\u021bi.<\/p>\n<p>Este o stare de spirit care cre\u0219te \u0219i cu c\u00e2t vor am\u00e2na mai mult rezolvarea acestei probleme adic\u0103 reluarea turului 2, pentru c\u0103 legal nu exist\u0103 o alt\u0103 variant\u0103. Vreau s\u0103 v\u0103d de la politicieni \u0219i de la autorit\u0103\u021bi c\u0103 scot dovezile, s\u0103 ne arate exact pentru ce motive au anulat alegerile.<\/p>\n<p>Sunt tot mai multe publica\u021bii interna\u021bionale care spun ce spunem noi de o lun\u0103 \u0219i anume c\u0103 nu exist\u0103 dovezi privind implicarea uni actor stata care a intervenit \u0219i a influen\u021bat rezultatul alegerilor, ba dimpotriv\u0103, chiar ANAF a zis c\u0103 \u00een spatele campaniei de pe TikTok a lui C\u0103lin Georgescu a fost PNL, un partid care se afl\u0103 \u0219i acum la guvernare.\u00a0<\/p>\n<p>Cum spune joi FAZ, cel mai mare cotidian din Germania, este o dovad\u0103 foarte clar\u0103 c\u0103 alegerile s-au anulat pentru c\u0103 alegerile nu au ie\u0219ti cum \u0219i-au dorit cei care vremelnic se afl\u0103 la guvernare N-a ie\u0219it cum au vrut ei \u0219i acum calc\u0103 \u00een picioare orice lege inclusiv, Constitu\u021bia&#8221; a declarat Anca Alexandrescu, \u00eentr-o interven\u021bie la Realitatea Plus.<\/p>\n<p>\u00a0<\/p>\n<p>\u00a0<\/p>","protected":false},"excerpt":{"rendered":"<p>&#8222;Eu a\u0219 spune c\u0103 este un manifest al rom\u00e2nilor dup\u0103 at\u00e2\u021bia ani \u00een care drepturile&hellip;<\/p>\n","protected":false},"author":0,"featured_media":23021,"comment_status":"open","ping_status":"open","sticky":false,"template":"","format":"standard","meta":{"footnotes":""},"categories":[2],"tags":[],"class_list":["post-23038","post","type-post","status-publish","format-standard","has-post-thumbnail","hentry","category-actual"],"_links":{"self":[{"href":"https:\/\/247stiri.ro\/index.php\/wp-json\/wp\/v2\/posts\/23038","targetHints":{"allow":["GET"]}}],"collection":[{"href":"https:\/\/247stiri.ro\/index.php\/wp-json\/wp\/v2\/posts"}],"about":[{"href":"https:\/\/247stiri.ro\/index.php\/wp-json\/wp\/v2\/types\/post"}],"replies":[{"embeddable":true,"href":"https:\/\/247stiri.ro\/index.php\/wp-json\/wp\/v2\/comments?post=23038"}],"version-history":[{"count":0,"href":"https:\/\/247stiri.ro\/index.php\/wp-json\/wp\/v2\/posts\/23038\/revisions"}],"wp:featuredmedia":[{"embeddable":true,"href":"https:\/\/247stiri.ro\/index.php\/wp-json\/wp\/v2\/media\/23021"}],"wp:attachment":[{"href":"https:\/\/247stiri.ro\/index.php\/wp-json\/wp\/v2\/media?parent=23038"}],"wp:term":[{"taxonomy":"category","embeddable":true,"href":"https:\/\/247stiri.ro\/index.php\/wp-json\/wp\/v2\/categories?post=23038"},{"taxonomy":"post_tag","embeddable":true,"href":"https:\/\/247stiri.ro\/index.php\/wp-json\/wp\/v2\/tags?post=23038"}],"curies":[{"name":"wp","href":"https:\/\/api.w.org\/{rel}","templated":true}]}}