{"id":23053,"date":"2025-01-10T10:44:50","date_gmt":"2025-01-10T10:44:50","guid":{"rendered":"https:\/\/247stiri.ro\/index.php\/2025\/01\/10\/avocata-lui-calin-georgescu-semnal-de-alarma-nu-avem-presedinte-investit-avem-un-cetatean-institutia-prezidentiala-este-descoperita\/"},"modified":"2025-01-10T10:44:50","modified_gmt":"2025-01-10T10:44:50","slug":"avocata-lui-calin-georgescu-semnal-de-alarma-nu-avem-presedinte-investit-avem-un-cetatean-institutia-prezidentiala-este-descoperita","status":"publish","type":"post","link":"https:\/\/247stiri.ro\/index.php\/2025\/01\/10\/avocata-lui-calin-georgescu-semnal-de-alarma-nu-avem-presedinte-investit-avem-un-cetatean-institutia-prezidentiala-este-descoperita\/","title":{"rendered":"Avocata lui C\u0103lin Georgescu, semnal de alarm\u0103: Nu avem pre\u0219edinte \u00eenvestit, avem un cet\u0103\u021bean. Institu\u021bia preziden\u021bial\u0103 este descoperit\u0103"},"content":{"rendered":"<p>&#8222;Sper c\u0103 judec\u0103torii de la CCR s\u0103 \u00een\u021beleag\u0103 gravitatea situa\u021biei \u00een care au aruncat Rom\u00e2nia \u0219i poporul rom\u00e2n. Nu s-ar fi \u00eent\u00e2mplat nimic din toate acestea dac\u0103 l\u0103sau alegerile preziden\u021biale sa decurg\u0103 \u00een mod normal, a\u0219a cum au validat turul 1 de scrutin.<\/p>\n<p>Sunt mailurile blocate datorit\u0103 miilor de mailuri trimise pentru c\u0103 oamenii cer s\u0103 intr\u0103m \u00een legalitate \u0219i s\u0103 se reia turul 2.<\/p>\n<p>Am primit num\u0103rul de \u00eenregistrare a cererilor. Am cerut s\u0103 se ia \u00een calcul at\u00e2t cererea de revizuire a lui C\u0103lin Georgescu, c\u00e2t \u0219i toate cererile de revizuire care au fost depuse pentru reluarea turului 2 al preziden\u021bialelor de acolo de unde ilegal au fost \u00eentrerupte. Toate notificarile oamenilor, toate vor fi luate \u00een parte, vor fi opisate \u0219i depuse aici&#8221;, a spus avocata lui C\u0103lin Georgescu, Marina Alexandru, \u00eentr-o interven\u021bie la Realitatea PLUS.<\/p>\n<p>\u00centrebat\u0103 cum vede faptul c\u0103 parlamentarii AUR se al\u0103tur\u0103 protestului, aceasta a replicat: &#8222;Parlamentarii s\u0103-\u0219i fac\u0103 datoria pe care o au pentru c\u0103, la momentul acesta, este singurul organism legal pe care-l avem. Domnilor parlamentari, merge\u021bi s\u0103 v\u0103 face\u021bi datoria. Ideea e \u00een felul urm\u0103tor: institu\u021bia preziden\u021bial\u0103 e descoperit\u0103. Avem un cet\u0103\u021bean, nu mai este pre\u0219edinte. Nu avem pre\u0219edinte \u00eenvestit, avem un cet\u0103\u021bean care ocup\u0103 scaunul preziden\u021bial \u0219i un guvern ilegitim.&#8221;<\/p>","protected":false},"excerpt":{"rendered":"<p>&#8222;Sper c\u0103 judec\u0103torii de la CCR s\u0103 \u00een\u021beleag\u0103 gravitatea situa\u021biei \u00een care au aruncat Rom\u00e2nia&hellip;<\/p>\n","protected":false},"author":0,"featured_media":23054,"comment_status":"open","ping_status":"open","sticky":false,"template":"","format":"standard","meta":{"footnotes":""},"categories":[3],"tags":[],"class_list":["post-23053","post","type-post","status-publish","format-standard","has-post-thumbnail","hentry","category-politica"],"_links":{"self":[{"href":"https:\/\/247stiri.ro\/index.php\/wp-json\/wp\/v2\/posts\/23053","targetHints":{"allow":["GET"]}}],"collection":[{"href":"https:\/\/247stiri.ro\/index.php\/wp-json\/wp\/v2\/posts"}],"about":[{"href":"https:\/\/247stiri.ro\/index.php\/wp-json\/wp\/v2\/types\/post"}],"replies":[{"embeddable":true,"href":"https:\/\/247stiri.ro\/index.php\/wp-json\/wp\/v2\/comments?post=23053"}],"version-history":[{"count":0,"href":"https:\/\/247stiri.ro\/index.php\/wp-json\/wp\/v2\/posts\/23053\/revisions"}],"wp:featuredmedia":[{"embeddable":true,"href":"https:\/\/247stiri.ro\/index.php\/wp-json\/wp\/v2\/media\/23054"}],"wp:attachment":[{"href":"https:\/\/247stiri.ro\/index.php\/wp-json\/wp\/v2\/media?parent=23053"}],"wp:term":[{"taxonomy":"category","embeddable":true,"href":"https:\/\/247stiri.ro\/index.php\/wp-json\/wp\/v2\/categories?post=23053"},{"taxonomy":"post_tag","embeddable":true,"href":"https:\/\/247stiri.ro\/index.php\/wp-json\/wp\/v2\/tags?post=23053"}],"curies":[{"name":"wp","href":"https:\/\/api.w.org\/{rel}","templated":true}]}}