{"id":23058,"date":"2025-01-10T10:44:51","date_gmt":"2025-01-10T10:44:51","guid":{"rendered":"https:\/\/247stiri.ro\/index.php\/2025\/01\/10\/augustin-zegrean-nu-mai-exista-alta-cale-de-atac-la-adresa-deciziei-ccr-nici-ccr-nu-si-poate-revizui-o-decizie\/"},"modified":"2025-01-10T10:44:51","modified_gmt":"2025-01-10T10:44:51","slug":"augustin-zegrean-nu-mai-exista-alta-cale-de-atac-la-adresa-deciziei-ccr-nici-ccr-nu-si-poate-revizui-o-decizie","status":"publish","type":"post","link":"https:\/\/247stiri.ro\/index.php\/2025\/01\/10\/augustin-zegrean-nu-mai-exista-alta-cale-de-atac-la-adresa-deciziei-ccr-nici-ccr-nu-si-poate-revizui-o-decizie\/","title":{"rendered":"Augustin Zegrean: Nu mai exist\u0103 alt\u0103 cale de atac la adresa deciziei CCR. Nici CCR nu-\u0219i poate revizui o decizie"},"content":{"rendered":"<p>&#8222;M\u0103 tem c\u0103 nu mai exist\u0103 alt\u0103 cale de atac. O revizuire a unei decizii a CCR nu exist\u0103, legea nu prevede a\u0219a ceva, chiar dac\u0103 ar dori a\u0219a ceva. Nu exist\u0103 alt\u0103 curte care s\u0103 judece peste CCR, iar CCR nu face parte din sistemul instan\u021belor de judecat\u0103, este o institu\u021bie absolut independent\u0103 \u0219i autonom\u0103.<\/p>\n<p>\u00cen ceea ce prive\u0219te apelul la institu\u021biile de justi\u021bie europene, cred c\u0103 se duc degeaba, pentru c\u0103 nu este treaba CEDO, de exemplu, s\u0103 judece a\u0219a ceva. Acolo se duc oameni ale c\u0103ror drepturi fundamentale au fost \u00eenc\u0103lcate, dar trebui s\u0103 aib\u0103 un proces \u00een Rom\u00e2nia, c\u0103 le-a fost \u00eenc\u0103lcat dreptul de a vota \u0219i dup\u0103 ce sunt parcurse toate c\u0103ile de tac \u00een Rom\u00e2nia abia apoi se pot adresa CEDO. Degeaba se duc acolo dac\u0103 nu au trecut<\/p>\n<p>Eu spun ce scrie \u00een lege, \u00een regulamentul CEDO nu exist\u0103 posibilitatea lor s\u0103 se pronun\u021be asupra alegerilor preziden\u021biale dintr-un stat, nu au text.<\/p>\n<p>Nici la Curtea de Justi\u021bie a UE nu po\u021bi ajunge direct cu o pl\u00e2ngere, te po\u021bi adresa numai dac\u0103 ai un proces cu o institu\u021bie a UE. Statul nu este o institu\u021bie a UE.<\/p>\n<p>Un cet\u0103\u021bean care se judec\u0103 \u00een Rom\u00e2nia \u0219i are impresia c\u0103 legea din \u021bar\u0103 este contrar\u0103 legisla\u021bie europene, atunci se poate adresa CJ UE. \u00cen acest momentu nu exist\u0103 un proces privind anularea alegerilor, deci nu au niciun motiv. Deci trebuie ca o instan\u021b\u0103 s\u0103 se pronun\u021be \u00een sensul c\u0103 decizia de anulare a alegerilor a fost abuziv\u0103&#8221;, a explicat Augustin Zegrean, fost pre\u0219edinte al CCR.<\/p>","protected":false},"excerpt":{"rendered":"<p>&#8222;M\u0103 tem c\u0103 nu mai exist\u0103 alt\u0103 cale de atac. O revizuire a unei decizii&hellip;<\/p>\n","protected":false},"author":0,"featured_media":23059,"comment_status":"open","ping_status":"open","sticky":false,"template":"","format":"standard","meta":{"footnotes":""},"categories":[2],"tags":[],"class_list":["post-23058","post","type-post","status-publish","format-standard","has-post-thumbnail","hentry","category-actual"],"_links":{"self":[{"href":"https:\/\/247stiri.ro\/index.php\/wp-json\/wp\/v2\/posts\/23058","targetHints":{"allow":["GET"]}}],"collection":[{"href":"https:\/\/247stiri.ro\/index.php\/wp-json\/wp\/v2\/posts"}],"about":[{"href":"https:\/\/247stiri.ro\/index.php\/wp-json\/wp\/v2\/types\/post"}],"replies":[{"embeddable":true,"href":"https:\/\/247stiri.ro\/index.php\/wp-json\/wp\/v2\/comments?post=23058"}],"version-history":[{"count":0,"href":"https:\/\/247stiri.ro\/index.php\/wp-json\/wp\/v2\/posts\/23058\/revisions"}],"wp:featuredmedia":[{"embeddable":true,"href":"https:\/\/247stiri.ro\/index.php\/wp-json\/wp\/v2\/media\/23059"}],"wp:attachment":[{"href":"https:\/\/247stiri.ro\/index.php\/wp-json\/wp\/v2\/media?parent=23058"}],"wp:term":[{"taxonomy":"category","embeddable":true,"href":"https:\/\/247stiri.ro\/index.php\/wp-json\/wp\/v2\/categories?post=23058"},{"taxonomy":"post_tag","embeddable":true,"href":"https:\/\/247stiri.ro\/index.php\/wp-json\/wp\/v2\/tags?post=23058"}],"curies":[{"name":"wp","href":"https:\/\/api.w.org\/{rel}","templated":true}]}}