{"id":23087,"date":"2025-01-10T11:44:53","date_gmt":"2025-01-10T11:44:53","guid":{"rendered":"https:\/\/247stiri.ro\/index.php\/2025\/01\/10\/iohannis-a-promulgat-legea-ce-se-intampla-cu-ziua-de-31-mai-sunt-vizate-toate-categoriile-de-persoane-inculsiv-adolescentii\/"},"modified":"2025-01-10T11:44:53","modified_gmt":"2025-01-10T11:44:53","slug":"iohannis-a-promulgat-legea-ce-se-intampla-cu-ziua-de-31-mai-sunt-vizate-toate-categoriile-de-persoane-inculsiv-adolescentii","status":"publish","type":"post","link":"https:\/\/247stiri.ro\/index.php\/2025\/01\/10\/iohannis-a-promulgat-legea-ce-se-intampla-cu-ziua-de-31-mai-sunt-vizate-toate-categoriile-de-persoane-inculsiv-adolescentii\/","title":{"rendered":"Iohannis a promulgat legea: ce se \u00eent\u00e2mpl\u0103 cu ziua de 31 mai. Sunt vizate toate categoriile de persoane, inculsiv adolescen\u021bii"},"content":{"rendered":"<p>Klaus Iohannis a semnat vineri, decretul pentru promulgarea Legii privind instituirea zilei de 31 mai ca \u201eZiua na\u0163ional\u0103 a con\u015ftientiz\u0103rii riscurilor asociate consumului de droguri\u201d.<\/p>\n<p>Proiectul de lege, semnat de parlamentarii PNL Sebastian Burduja \u015fi Monica Anisie, a fost adoptat de Camera Deputa\u0163ilor la mijlocul lunii decembrie\u00a0 \u015fi are ca obiect de reglementare instituirea zilei de 31 mai ca \u201eZiua na\u0163ional\u0103 a con\u015ftientiz\u0103rii riscurilor asociate consumului de droguri\u201d.<\/p>\n<p>Legea prevede posibilitatea organiz\u0103rii sau sprijinirii logistic \u015fi material a unor manifest\u0103ri culturale, sociale, medicale \u015fi educa\u0163ionale, de c\u0103tre autorit\u0103\u0163ile administra\u0163iei publice centrale \u015fi locale cu atribu\u0163ii \u00een domeniul s\u0103n\u0103t\u0103\u0163ii, educa\u0163iei, asisten\u0163ei sociale \u015fi culturii, \u00een scopul con\u015ftientiz\u0103rii riscurilor asociate consumului de substan\u0163e interzise.<\/p>","protected":false},"excerpt":{"rendered":"<p>Klaus Iohannis a semnat vineri, decretul pentru promulgarea Legii privind instituirea zilei de 31 mai&hellip;<\/p>\n","protected":false},"author":0,"featured_media":23052,"comment_status":"open","ping_status":"open","sticky":false,"template":"","format":"standard","meta":{"footnotes":""},"categories":[2],"tags":[],"class_list":["post-23087","post","type-post","status-publish","format-standard","has-post-thumbnail","hentry","category-actual"],"_links":{"self":[{"href":"https:\/\/247stiri.ro\/index.php\/wp-json\/wp\/v2\/posts\/23087","targetHints":{"allow":["GET"]}}],"collection":[{"href":"https:\/\/247stiri.ro\/index.php\/wp-json\/wp\/v2\/posts"}],"about":[{"href":"https:\/\/247stiri.ro\/index.php\/wp-json\/wp\/v2\/types\/post"}],"replies":[{"embeddable":true,"href":"https:\/\/247stiri.ro\/index.php\/wp-json\/wp\/v2\/comments?post=23087"}],"version-history":[{"count":0,"href":"https:\/\/247stiri.ro\/index.php\/wp-json\/wp\/v2\/posts\/23087\/revisions"}],"wp:featuredmedia":[{"embeddable":true,"href":"https:\/\/247stiri.ro\/index.php\/wp-json\/wp\/v2\/media\/23052"}],"wp:attachment":[{"href":"https:\/\/247stiri.ro\/index.php\/wp-json\/wp\/v2\/media?parent=23087"}],"wp:term":[{"taxonomy":"category","embeddable":true,"href":"https:\/\/247stiri.ro\/index.php\/wp-json\/wp\/v2\/categories?post=23087"},{"taxonomy":"post_tag","embeddable":true,"href":"https:\/\/247stiri.ro\/index.php\/wp-json\/wp\/v2\/tags?post=23087"}],"curies":[{"name":"wp","href":"https:\/\/api.w.org\/{rel}","templated":true}]}}