{"id":23090,"date":"2025-01-10T12:45:03","date_gmt":"2025-01-10T12:45:03","guid":{"rendered":"https:\/\/247stiri.ro\/index.php\/2025\/01\/10\/regina-intunericului-dezamagita-de-acuzatiile-lansate-de-adrian-bahmuteanu-dupa-inmormantarea-lui-silviu-prigoana\/"},"modified":"2025-01-10T12:45:03","modified_gmt":"2025-01-10T12:45:03","slug":"regina-intunericului-dezamagita-de-acuzatiile-lansate-de-adrian-bahmuteanu-dupa-inmormantarea-lui-silviu-prigoana","status":"publish","type":"post","link":"https:\/\/247stiri.ro\/index.php\/2025\/01\/10\/regina-intunericului-dezamagita-de-acuzatiile-lansate-de-adrian-bahmuteanu-dupa-inmormantarea-lui-silviu-prigoana\/","title":{"rendered":"\u201eRegina \u00centunericului\u201d, dezam\u0103git\u0103 de acuza\u021biile lansate de Adrian Bahmu\u021beanu dup\u0103 \u00eenmorm\u00e2ntarea lui Silviu Prigoan\u0103"},"content":{"rendered":"<p>Gabriela Lucu\u021bar continu\u0103 seria replicilor acide la adresa Adrianei Bahmu\u021beanu. Antreprenoarea de pompe funebre o acuz\u0103 pe vedeta TV c\u0103 ar fi min\u021bit la un moment dat \u0219i ar fi \u00eencercat s\u0103 o pun\u0103 la p\u0103m\u00e2nt, vina ei fiind doar aceea c\u0103 \u0219i-a f\u0103cut meseria, potrivit <a href=\"https:\/\/www.viva.ro\/vedete-si-evenimente\/gabriela-lucutar-scandalul-adriana-bahmuteanu-minciuni-3585409\">VIVA<\/a>.<\/p>\n<p>Totul a pornit de la faptul c\u0103 Adriana Bahmu\u021beanu nu a fost de acord ca fostul ei so\u021b s\u0103 fie\u00a0\u00eenmorm\u00e2ntat f\u0103r\u0103 ceremonie religioas\u0103 \u0219i \u00een mod c\u00e2t mai discret, de\u0219i aceasta ar fi fost dorin\u021ba liber exprimat\u0103 de Silviu Prigoan\u0103 cu ceva timp \u00eenainte de moartea sa fulger\u0103toare \u0219i a dat vina pe Gabriela Lucu\u021bar.<\/p>\n<p>Invitat\u0103 \u00eentr-o emisune TV, Gabriela Lucu\u021bar a afirmat c\u0103 \u201eSingurul lucru care m-a deranjat a fost atunci c\u00e2nd m-a \u00eentrebat despre \u00eenmorm\u00e2ntarea fostului socru \u0219i eu nu am spus niciodat\u0103 despre \u00eenmorm\u00e2ntarea aceea \u00een felul \u00een care d\u00e2nsa a spus-o. Nu \u00eemi plac minciunile \u0219i nu \u00eemi place s\u0103 \u00eencerci s\u0103-l \u00eengropi pe un om sau s\u0103 \u00eel pui la p\u0103m\u00e2nt, doar pentru c\u0103 \u021bi se pare \u021bie a\u0219a interesant\u2026<\/p>\n<p>Eu niciodat\u0103 nu vorbesc ur\u00e2t despre deceda\u021bi, \u0219tie foarte bine c\u0103 nu am spus a\u0219a ceva niciodat\u0103. Eu nu fac altceva dec\u00e2t s\u0103-i respect, s\u0103 respect ceea ce \u00eemi cere clientul \u0219i niciodat\u0103 nu a\u0219 vorbi ur\u00e2t. Asta m-a deranjat foarte tare, nu este corect, dar ce este corect?\u201d, a declarat Gabriela Lucu\u021bar.<\/p>\n<p>\u00a0<\/p>\n<p>\u00a0<\/p>","protected":false},"excerpt":{"rendered":"<p>Gabriela Lucu\u021bar continu\u0103 seria replicilor acide la adresa Adrianei Bahmu\u021beanu. Antreprenoarea de pompe funebre o&hellip;<\/p>\n","protected":false},"author":0,"featured_media":23091,"comment_status":"open","ping_status":"open","sticky":false,"template":"","format":"standard","meta":{"footnotes":""},"categories":[8],"tags":[],"class_list":["post-23090","post","type-post","status-publish","format-standard","has-post-thumbnail","hentry","category-lifestyle"],"_links":{"self":[{"href":"https:\/\/247stiri.ro\/index.php\/wp-json\/wp\/v2\/posts\/23090","targetHints":{"allow":["GET"]}}],"collection":[{"href":"https:\/\/247stiri.ro\/index.php\/wp-json\/wp\/v2\/posts"}],"about":[{"href":"https:\/\/247stiri.ro\/index.php\/wp-json\/wp\/v2\/types\/post"}],"replies":[{"embeddable":true,"href":"https:\/\/247stiri.ro\/index.php\/wp-json\/wp\/v2\/comments?post=23090"}],"version-history":[{"count":0,"href":"https:\/\/247stiri.ro\/index.php\/wp-json\/wp\/v2\/posts\/23090\/revisions"}],"wp:featuredmedia":[{"embeddable":true,"href":"https:\/\/247stiri.ro\/index.php\/wp-json\/wp\/v2\/media\/23091"}],"wp:attachment":[{"href":"https:\/\/247stiri.ro\/index.php\/wp-json\/wp\/v2\/media?parent=23090"}],"wp:term":[{"taxonomy":"category","embeddable":true,"href":"https:\/\/247stiri.ro\/index.php\/wp-json\/wp\/v2\/categories?post=23090"},{"taxonomy":"post_tag","embeddable":true,"href":"https:\/\/247stiri.ro\/index.php\/wp-json\/wp\/v2\/tags?post=23090"}],"curies":[{"name":"wp","href":"https:\/\/api.w.org\/{rel}","templated":true}]}}