{"id":231,"date":"2024-10-20T08:38:17","date_gmt":"2024-10-20T08:38:17","guid":{"rendered":"https:\/\/247stiri.ro\/index.php\/2024\/10\/20\/piedone-dezvaluiri-soc-la-o-carciuma-din-giurgiu-am-venit-sa-candidez-vrei-sa-mor-acasa-pensionar\/"},"modified":"2024-10-20T08:38:17","modified_gmt":"2024-10-20T08:38:17","slug":"piedone-dezvaluiri-soc-la-o-carciuma-din-giurgiu-am-venit-sa-candidez-vrei-sa-mor-acasa-pensionar","status":"publish","type":"post","link":"https:\/\/247stiri.ro\/index.php\/2024\/10\/20\/piedone-dezvaluiri-soc-la-o-carciuma-din-giurgiu-am-venit-sa-candidez-vrei-sa-mor-acasa-pensionar\/","title":{"rendered":"Piedone, dezv\u0103luiri-\u0218OC la o c\u00e2rcium\u0103 din Giurgiu: \u201eAm venit s\u0103 candidez. Vrei s\u0103 mor acas\u0103 pensionar?\u201d"},"content":{"rendered":"<p>Piedone: \u201eAm ales Giurgiu c\u0103 e cel mai s\u0103rac jude\u021b!\u201d<\/p>\n<p><a href=\"https:\/\/www.realitatea.net\/stiri\/actual\/campanie-psd-cu-elicopter-si-camioane-luminate-piedone-sfideaza-votantii-va-perpelesc-ca-micul-pe-gratar_67113342055095375d0ba0b2\" target=\"_blank\" rel=\"noopener\">Cristian Popescu Piedone<\/a> a f\u0103cut un anun\u021b surprinz\u0103tor. Dup\u0103 25 de ani, Piedone revine \u00een Partidul Social Democrat (PSD) \u0219i \u00ee\u0219i propune s\u0103 candideze pentru un loc de senator \u00een jude\u021bul Giurgiu la alegerile parlamentare din 1 decembrie. El a promis s\u0103 schimbe fa\u021ba jude\u021bului \u0219i s\u0103 pun\u0103 cap\u0103t \u201edomniei PNL\u201d, pe care o consider\u0103 responsabil\u0103 pentru lipsa de dezvoltare din zon\u0103.<\/p>\n<p>\u201eVin s\u0103 fac treab\u0103 pentru oamenii buni din jude\u021bul Giurgiu!\u201d, a declarat Piedone, critic\u00e2nd dur actuala administra\u021bie local\u0103 \u0219i na\u021bional\u0103, dominat\u0103 de liberali. Potrivit lui, ultimii zece ani sub conducerea PNL au adus stagnare \u0219i lips\u0103 de investi\u021bii pentru jude\u021b.<\/p>\n\n<p>\u00a0\u201eUita\u021bi-v\u0103 la drumul dintre Giurgiu \u0219i Bucure\u0219ti \u2013 diminea\u021ba \u0219i seara este plin de giurgiuveni care sunt obliga\u021bi s\u0103 lucreze \u00een Capital\u0103, pentru c\u0103 acas\u0103 nu g\u0103sesc locuri de munc\u0103 bine pl\u0103tite\u201d, a subliniat el.<\/p>\n<p><a href=\"https:\/\/www.realitatea.net\/stiri\/actual\/tudose-ii-apara-pe-ponta-si-piedone-dupa-revenirea-in-psd-despre-relatia-cu-pnl-stiti-care-este-principala-cauza-a-divortului-casatoria_670e64e4dc21c8531971c35b\" target=\"_blank\" rel=\"noopener\">Piedone \u0219i-a continuat<\/a> atacurile la adresa liderilor locali liberali, pe care i-a acuzat de incompeten\u021b\u0103 \u0219i nep\u0103sare fa\u021b\u0103 de nevoile oamenilor din Giurgiu, sus\u021bin\u00e2nd c\u0103 ace\u0219tia au fost numi\u021bi \u0219i proteja\u021bi de \u201elene\u0219ul golfer de la Cotroceni\u201d. El a ad\u0103ugat c\u0103 jude\u021bul Giurgiu se afl\u0103 la coada investi\u021biilor \u0219i are cele mai mici salarii din \u021bar\u0103.<\/p>\n\n<p>\u00a0 \u00a0 \u00a0Piedone, \u00een campanie electoral\u0103 la Giurgiu\u00a0 \/ Sursa foto &#8211; Captur\u0103 video<\/p>\n<p>\u00cen postarea sa pe Facebook, Piedone a eviden\u021biat rezultatele sale din Sectorul 4 \u0219i Sectorul 5 al Capitalei, pe care le consider\u0103 dovezi ale capacit\u0103\u021bii sale de a aduce schimb\u0103ri reale. \u201ePiedone face treab\u0103 oriunde \u00eel pui s\u0103 munceasc\u0103! Sectorul 4 \u0219i Sectorul 5 sunt dovezile muncii mele!\u201d, a declarat el.<\/p>\n<p><a title=\"@cristianpopescupiedone\" href=\"https:\/\/www.tiktok.com\/@cristianpopescupiedone?refer=embed\" target=\"_blank\" rel=\"noopener\">@cristianpopescupiedone<\/a> <a title=\"cristianpopescupiedone\" href=\"https:\/\/www.tiktok.com\/tag\/cristianpopescupiedone?refer=embed\" target=\"_blank\" rel=\"noopener\">#cristianpopescupiedone<\/a> <a title=\"deprofesieom\" href=\"https:\/\/www.tiktok.com\/tag\/deprofesieom?refer=embed\" target=\"_blank\" rel=\"noopener\">#deprofesieom<\/a> <a title=\"\u266c Rom\u00e2nia mea - Costi &amp; Cream &amp; Minodora\" href=\"https:\/\/www.tiktok.com\/music\/Rom%C3%A2nia-mea-7033467652412540930?refer=embed\" target=\"_blank\" rel=\"noopener\">\u266c Rom\u00e2nia mea &#8211; Costi &amp; Cream &amp; Minodora<\/a><\/p>","protected":false},"excerpt":{"rendered":"<p>Piedone: \u201eAm ales Giurgiu c\u0103 e cel mai s\u0103rac jude\u021b!\u201d Cristian Popescu Piedone a f\u0103cut&hellip;<\/p>\n","protected":false},"author":0,"featured_media":232,"comment_status":"open","ping_status":"open","sticky":false,"template":"","format":"standard","meta":{"footnotes":""},"categories":[3],"tags":[],"class_list":["post-231","post","type-post","status-publish","format-standard","has-post-thumbnail","hentry","category-politica"],"_links":{"self":[{"href":"https:\/\/247stiri.ro\/index.php\/wp-json\/wp\/v2\/posts\/231","targetHints":{"allow":["GET"]}}],"collection":[{"href":"https:\/\/247stiri.ro\/index.php\/wp-json\/wp\/v2\/posts"}],"about":[{"href":"https:\/\/247stiri.ro\/index.php\/wp-json\/wp\/v2\/types\/post"}],"replies":[{"embeddable":true,"href":"https:\/\/247stiri.ro\/index.php\/wp-json\/wp\/v2\/comments?post=231"}],"version-history":[{"count":0,"href":"https:\/\/247stiri.ro\/index.php\/wp-json\/wp\/v2\/posts\/231\/revisions"}],"wp:featuredmedia":[{"embeddable":true,"href":"https:\/\/247stiri.ro\/index.php\/wp-json\/wp\/v2\/media\/232"}],"wp:attachment":[{"href":"https:\/\/247stiri.ro\/index.php\/wp-json\/wp\/v2\/media?parent=231"}],"wp:term":[{"taxonomy":"category","embeddable":true,"href":"https:\/\/247stiri.ro\/index.php\/wp-json\/wp\/v2\/categories?post=231"},{"taxonomy":"post_tag","embeddable":true,"href":"https:\/\/247stiri.ro\/index.php\/wp-json\/wp\/v2\/tags?post=231"}],"curies":[{"name":"wp","href":"https:\/\/api.w.org\/{rel}","templated":true}]}}