{"id":23106,"date":"2025-01-10T12:45:11","date_gmt":"2025-01-10T12:45:11","guid":{"rendered":"https:\/\/247stiri.ro\/index.php\/2025\/01\/10\/mesajul-sfasietor-al-unui-roman-din-diaspora-pentru-justitie-ati-facut-o-ca-hotii\/"},"modified":"2025-01-10T12:45:11","modified_gmt":"2025-01-10T12:45:11","slug":"mesajul-sfasietor-al-unui-roman-din-diaspora-pentru-justitie-ati-facut-o-ca-hotii","status":"publish","type":"post","link":"https:\/\/247stiri.ro\/index.php\/2025\/01\/10\/mesajul-sfasietor-al-unui-roman-din-diaspora-pentru-justitie-ati-facut-o-ca-hotii\/","title":{"rendered":"Mesajul sf\u00e2\u0219ietor al unui rom\u00e2n din DIASPORA pentru justi\u021bie: \u201eA\u021bi f\u0103cut-o ca ho\u021bii!\u201d"},"content":{"rendered":"<p>Mesajul unui rom\u00e2n din diaspora ie\u0219it la protest<\/p>\n<p>\u201eVina o ave\u021bi voi cei de aici de la CCR care a\u021bi anulat alegerile. Cum este posibil ca, tu, judec\u0103tor al CCR ai ie\u0219it \u0219i ai declarat c\u0103 se reia turul II. A\u021bi f\u0103cut-o ca ho\u021bii c\u0103 n-a\u021bi pus-o \u00een Monitorul Oficial, c\u0103 dac\u0103 punea\u021bi vineri nu se mai anulau alegerile. A\u021bi f\u0103cut o m\u00e2r\u0219\u0103venie.\u00a0<\/p>\n<p>Simt o mare nedreptate! Deci, oameni buni, ceea ce v\u0103 spun eu aici&#8230; nu v\u0103 spun filme, v\u0103 spun realit\u0103\u021bi. Lucrez \u00een Bruxelles de 14 ani de zile. Este normal s\u0103 cotizez la statul belgian de 10 ani \u0219i s\u0103-mi se spun\u0103 c\u0103 am drept la 119 euro pensie. Mai bine vin \u0219i muncesc p\u0103m\u00e2ntul meu, muncesc aici dec\u00e2t s\u0103 fiu batjocorit. Poli\u021bia s\u0103-mi spun\u0103 nu-\u021bi convine aici du-te la tine \u00een \u021bar\u0103.\u201d, spune<a href=\"https:\/\/www.realitatea.net\/stiri\/politica\/incepe-protestul-romanilor-care-sau-saturat-sa-fie-umiliti-realitatea-plus-televiziunea-poporului-alaturi-de-cetateni-testul-suprem-pentru-justitie-si-politicieni-mai-sunt-la-mana-sistemului_6780bcb178e51f1c063a4ee2\" target=\"_blank\"> rom\u00e2nul revoltat.<\/a><\/p>\n<p>\u00a0<\/p>","protected":false},"excerpt":{"rendered":"<p>Mesajul unui rom\u00e2n din diaspora ie\u0219it la protest \u201eVina o ave\u021bi voi cei de aici&hellip;<\/p>\n","protected":false},"author":0,"featured_media":23107,"comment_status":"open","ping_status":"open","sticky":false,"template":"","format":"standard","meta":{"footnotes":""},"categories":[2],"tags":[],"class_list":["post-23106","post","type-post","status-publish","format-standard","has-post-thumbnail","hentry","category-actual"],"_links":{"self":[{"href":"https:\/\/247stiri.ro\/index.php\/wp-json\/wp\/v2\/posts\/23106","targetHints":{"allow":["GET"]}}],"collection":[{"href":"https:\/\/247stiri.ro\/index.php\/wp-json\/wp\/v2\/posts"}],"about":[{"href":"https:\/\/247stiri.ro\/index.php\/wp-json\/wp\/v2\/types\/post"}],"replies":[{"embeddable":true,"href":"https:\/\/247stiri.ro\/index.php\/wp-json\/wp\/v2\/comments?post=23106"}],"version-history":[{"count":0,"href":"https:\/\/247stiri.ro\/index.php\/wp-json\/wp\/v2\/posts\/23106\/revisions"}],"wp:featuredmedia":[{"embeddable":true,"href":"https:\/\/247stiri.ro\/index.php\/wp-json\/wp\/v2\/media\/23107"}],"wp:attachment":[{"href":"https:\/\/247stiri.ro\/index.php\/wp-json\/wp\/v2\/media?parent=23106"}],"wp:term":[{"taxonomy":"category","embeddable":true,"href":"https:\/\/247stiri.ro\/index.php\/wp-json\/wp\/v2\/categories?post=23106"},{"taxonomy":"post_tag","embeddable":true,"href":"https:\/\/247stiri.ro\/index.php\/wp-json\/wp\/v2\/tags?post=23106"}],"curies":[{"name":"wp","href":"https:\/\/api.w.org\/{rel}","templated":true}]}}