{"id":23108,"date":"2025-01-10T12:45:12","date_gmt":"2025-01-10T12:45:12","guid":{"rendered":"https:\/\/247stiri.ro\/index.php\/2025\/01\/10\/petrecere-romaneasca-acasa-la-donald-trump-cine-este-milionarul-roman-care-va-organiza-evenimentul-la-mar-a-lago\/"},"modified":"2025-01-10T12:45:12","modified_gmt":"2025-01-10T12:45:12","slug":"petrecere-romaneasca-acasa-la-donald-trump-cine-este-milionarul-roman-care-va-organiza-evenimentul-la-mar-a-lago","status":"publish","type":"post","link":"https:\/\/247stiri.ro\/index.php\/2025\/01\/10\/petrecere-romaneasca-acasa-la-donald-trump-cine-este-milionarul-roman-care-va-organiza-evenimentul-la-mar-a-lago\/","title":{"rendered":"Petrecere rom\u00e2neasc\u0103 acas\u0103 la Donald Trump! Cine este milionarul rom\u00e2n care va organiza evenimentul la Mar-a-Lago"},"content":{"rendered":"<p>Antreprenorul \u0219i politicianul, activ \u00een campania electoral\u0103 a lui Donald Trump, promite c\u0103, pentru prima dat\u0103, se va celebra \u0219i se va c\u00e2nta \u00een limba rom\u00e2n\u0103 la re\u0219edin\u021ba viitorului pre\u0219edinte al Statelor Unite. Cunoscut\u0103 sub numele de \u201eCasa Alb\u0103 din Sud\u201d, proprietatea Mar-a-Lago din Florida a fost locul unde s-au luat decizii globale importante \u0219i de unde Donald Trump a condus SUA \u00een mandatul s\u0103u anterior.<\/p>\n<p>\u201ePentru prima oar\u0103 \u00een istorie, se va vorbi \u0219i c\u00e2nta rom\u00e2ne\u0219te \u00een inima conducerii Statelor Unite\u201d, declar\u0103 rom\u00e2nul din echipa lui Donald Trump, vecin cu viitorul pre\u0219edinte \u0219i membru al Comitetului Executiv al Partidului Republican din Palm Beach.\u00a0\u201eDac\u0103 p\u00e2n\u0103 acum am organizat doar evenimente politice de ani de zile la Mar-a-Lago, re\u0219edin\u021ba pre\u0219edintelui Donald J. Trump, cu mare pl\u0103cere v\u0103 anun\u021b c\u0103, pe 12 aprilie, va avea loc un eveniment dedicat familiei noastre, rom\u00e2nilor \u0219i Rom\u00e2niei. Cred c\u0103, pentru prima dat\u0103 \u00een istorie, se va vorbi \u0219i c\u00e2nta rom\u00e2ne\u0219te aici, pe t\u0103r\u00e2m american, \u00een inima conducerii Statelor Unite\u201d, anun\u021b\u0103 Spr\u00eencean\u0103, fondatorul uneia dintre cele mai mari companii de transport rutier din America, dar \u0219i din Europa.<\/p>\n<p><a title=\"@dragos.sprinceana\" href=\"https:\/\/www.tiktok.com\/@dragos.sprinceana?refer=embed\" target=\"_blank\">@dragos.sprinceana<\/a> Dac\u0103 p\u00e2n\u0103 acum am organizat numai Evenimente Politice de ani de zile la Mar-a-Lago, la re\u0219edin\u021ba Pre\u0219edintelui Statelor Unite &#8211; Donald J. Trump, cu mare pl\u0103cere v\u0103 anun\u021b ca pe Aprilie 12 va fi un Eveniment ptr Familia Noastr\u0103, ptr Romani \u0219i ptr Rom\u00e2nia \ud83c\uddf7\ud83c\uddf4. Cred ca pentru prima data in istorie, se va vorbi \u0219i c\u00e2nta Rom\u00e2ne\u0219te aici pe T\u0103r\u00e2m American in inima Conducerii Statelor Unite \ud83c\uddfa\ud83c\uddf8 \ud83d\ude4f\ud83e\udd70\ud83c\uddf7\ud83c\uddf4\ud83d\ude4f <a title=\"sufletderoman\ud83c\uddf7\ud83c\uddf4\" href=\"https:\/\/www.tiktok.com\/tag\/sufletderoman%F0%9F%87%B7%F0%9F%87%B4?refer=embed\" target=\"_blank\">#SufletdeRoman\ud83c\uddf7\ud83c\uddf4<\/a> <a title=\"unitedstatesofamerica\" href=\"https:\/\/www.tiktok.com\/tag\/unitedstatesofamerica?refer=embed\" target=\"_blank\">#UnitedStatesOfAmerica<\/a> <a title=\"usa\" href=\"https:\/\/www.tiktok.com\/tag\/usa?refer=embed\" target=\"_blank\">#USA<\/a> <a title=\"romania\" href=\"https:\/\/www.tiktok.com\/tag\/romania?refer=embed\" target=\"_blank\">#Romania<\/a> <a title=\"familie\" href=\"https:\/\/www.tiktok.com\/tag\/familie?refer=embed\" target=\"_blank\">#Familie<\/a> <a title=\"family\" href=\"https:\/\/www.tiktok.com\/tag\/family?refer=embed\" target=\"_blank\">#Family<\/a> <a title=\"worldpeace\" href=\"https:\/\/www.tiktok.com\/tag\/worldpeace?refer=embed\" target=\"_blank\">#WorldPeace<\/a> <a title=\"traditiiromanesti\" href=\"https:\/\/www.tiktok.com\/tag\/traditiiromanesti?refer=embed\" target=\"_blank\">#TraditiiRomanesti<\/a> <a title=\"liberate\" href=\"https:\/\/www.tiktok.com\/tag\/liberate?refer=embed\" target=\"_blank\">#Liberate<\/a> <a title=\"politics\" href=\"https:\/\/www.tiktok.com\/tag\/politics?refer=embed\" target=\"_blank\">#Politics<\/a> <a title=\"alegerilibere\" href=\"https:\/\/www.tiktok.com\/tag\/alegerilibere?refer=embed\" target=\"_blank\">#AlegeriLibere<\/a> <a title=\"\u266c Sus Romanii Mei - MusicTime\ud83d\udc83\ud83c\udffc\ud83d\udd7a\" href=\"https:\/\/www.tiktok.com\/music\/Sus-Romanii-Mei-7440125921599392514?refer=embed\" target=\"_blank\">\u266c Sus Romanii Mei &#8211; MusicTime\ud83d\udc83\ud83c\udffc\ud83d\udd7a<\/a>Cine este Drago\u0219 Spr\u00eencean\u0103<\/p>\n<p>\u201eVin dintr-o \u021bar\u0103 fost comunist\u0103 \u0219i \u0219tiu prea bine ce \u00eenseamn\u0103 socialismul. Ce poate s\u0103-\u0219i doreasc\u0103 mai mult un american dec\u00e2t libertatea de a fi \u0219i de a face ceea ce dore\u0219te, legal desigur, pentru a deveni cel mai bun? Am venit \u00een aceast\u0103 \u021bar\u0103 acum 18 ani, f\u0103r\u0103 nimic. Am luat-o de la zero, av\u00e2nd doar o lingur\u0103 \u0219i o furculi\u021b\u0103. Am muncit din greu, am mers la \u0219coal\u0103 \u00eentre timp, iar ast\u0103zi pot spune c\u0103 America este \u00eentr-adev\u0103r \u021bara tuturor posibilit\u0103\u021bilor. M\u0103 simt responsabil s\u0103 m\u0103 implic, pe m\u0103sura posibilit\u0103\u021bilor mele, \u00een sus\u021binerea pre\u0219edintelui Trump \u0219i a Partidului Republican, pentru a p\u0103stra valorile pe care ni le-au transmis p\u0103rin\u021bii fondatori prin Constitu\u021bia acestei \u021b\u0103ri\u201d, a declarat Spr\u00eencean\u0103 pentru publica\u021bia \u201eTribuna Rom\u00e2neasc\u0103\u201d.<\/p>\n<p>Drumul spre succes al t\u00e2n\u0103rului antreprenor din Constan\u021ba, asemeni starului de la Hollywood, Sebastian Stan, este o poveste demn\u0103 de un film. Fondator al grupului GoldCoast, una dintre cele mai mari companii de transport \u0219i depozitare din nordul Statelor Unite, acesta a avut o carier\u0103 profesional\u0103 impresionant\u0103. \u00cenainte de a \u00eenfiin\u021ba propria companie, Spr\u00eencean\u0103 (46 de ani) a \u00eencercat diverse meserii. \u00cen Rom\u00e2nia, a activat ca model \u0219i animator \u00een cadrul unui show estival al Pro TV. Dup\u0103 ce s-a mutat \u00een SUA, a \u00eenceput ca barman \u0219i salvamar, iar ulterior a devenit agent imobiliar.<\/p>\n<p>Compania sa dispune de o flot\u0103 de 1.500 de camioane \u0219i angajeaz\u0103 peste 1.000 de oameni. \u00cen prezent, GoldCoast opereaz\u0103 \u00een state precum Illinois, Florida \u0219i Arizona, extinz\u00e2ndu-se \u0219i \u00een Europa. De\u0219i este cunoscut pentru activitatea sa politic\u0103, Spr\u00eencean\u0103 a evitat, p\u00e2n\u0103 de cur\u00e2nd, implicarea \u00een evenimentele sociale din comunit\u0103\u021bile rom\u00e2ne\u0219ti din SUA.<\/p>\n<p><a title='Trump pregateste o intalnire cu Putin ca sa \"termine\" Razboiul din Ucraina. Care este planul presedintelui ales?' href=\"https:\/\/www.realitatea.net\/stiri\/actual\/trump-pregateste-o-intalnire-cu-putin-ca-sa-termine-razboiul-din-ucraina-care-este-planul-presedintelui-ales_6780fbd6d178005c2e4541c9\">Trump preg\u0103te\u015fte o \u00eent\u00e2lnire cu Putin ca s\u0103 \u201dtermine\u201d R\u0103zboiul din Ucraina. Care este planul pre\u0219edintelui ales?<\/a><\/p>","protected":false},"excerpt":{"rendered":"<p>Antreprenorul \u0219i politicianul, activ \u00een campania electoral\u0103 a lui Donald Trump, promite c\u0103, pentru prima&hellip;<\/p>\n","protected":false},"author":0,"featured_media":23101,"comment_status":"open","ping_status":"open","sticky":false,"template":"","format":"standard","meta":{"footnotes":""},"categories":[2],"tags":[],"class_list":["post-23108","post","type-post","status-publish","format-standard","has-post-thumbnail","hentry","category-actual"],"_links":{"self":[{"href":"https:\/\/247stiri.ro\/index.php\/wp-json\/wp\/v2\/posts\/23108","targetHints":{"allow":["GET"]}}],"collection":[{"href":"https:\/\/247stiri.ro\/index.php\/wp-json\/wp\/v2\/posts"}],"about":[{"href":"https:\/\/247stiri.ro\/index.php\/wp-json\/wp\/v2\/types\/post"}],"replies":[{"embeddable":true,"href":"https:\/\/247stiri.ro\/index.php\/wp-json\/wp\/v2\/comments?post=23108"}],"version-history":[{"count":0,"href":"https:\/\/247stiri.ro\/index.php\/wp-json\/wp\/v2\/posts\/23108\/revisions"}],"wp:featuredmedia":[{"embeddable":true,"href":"https:\/\/247stiri.ro\/index.php\/wp-json\/wp\/v2\/media\/23101"}],"wp:attachment":[{"href":"https:\/\/247stiri.ro\/index.php\/wp-json\/wp\/v2\/media?parent=23108"}],"wp:term":[{"taxonomy":"category","embeddable":true,"href":"https:\/\/247stiri.ro\/index.php\/wp-json\/wp\/v2\/categories?post=23108"},{"taxonomy":"post_tag","embeddable":true,"href":"https:\/\/247stiri.ro\/index.php\/wp-json\/wp\/v2\/tags?post=23108"}],"curies":[{"name":"wp","href":"https:\/\/api.w.org\/{rel}","templated":true}]}}