{"id":23158,"date":"2025-01-10T14:45:24","date_gmt":"2025-01-10T14:45:24","guid":{"rendered":"https:\/\/247stiri.ro\/index.php\/2025\/01\/10\/fara-vize-in-statele-unite-ciolacu-este-un-moment-istoric-pe-care-il-asteptam-cu-totii-de-peste-16-ani\/"},"modified":"2025-01-10T14:45:24","modified_gmt":"2025-01-10T14:45:24","slug":"fara-vize-in-statele-unite-ciolacu-este-un-moment-istoric-pe-care-il-asteptam-cu-totii-de-peste-16-ani","status":"publish","type":"post","link":"https:\/\/247stiri.ro\/index.php\/2025\/01\/10\/fara-vize-in-statele-unite-ciolacu-este-un-moment-istoric-pe-care-il-asteptam-cu-totii-de-peste-16-ani\/","title":{"rendered":"F\u0103r\u0103 vize \u00een Statele Unite. Ciolacu: \u201eEste un moment istoric pe care \u00eel a\u0219tept\u0103m cu to\u021bii de peste 16 ani\u201d"},"content":{"rendered":"<p>De altfel, istoria pare c\u0103 se desf\u0103\u0219oar\u0103 foarte rapid pentru Rom\u00e2nia \u00een aceast\u0103 perioad\u0103, a sus\u021binut prim-ministrul Rom\u00e2niei.<\/p>\n<p>\u201eAu trecut doar 10 zile de c\u00e2nd am fost admi\u0219i pe deplin \u00een spa\u021biul Schengen, iar ast\u0103zi am primit de la Departamentul de Stat \u0219i Departamentul pentru Securitate Intern\u0103 anun\u021bul oficial al includerii \u021b\u0103rii noastre \u00een programul Visa Waiver.<\/p>\n<p>Sunt dou\u0103 evenimente esen\u021biale care confirm\u0103 recunoa\u0219terea Rom\u00e2niei pe scena interna\u021bional\u0103 \u0219i \u00een rela\u021bia sa cu partenerii strategici.<\/p>\n<p>Dincolo de faptul c\u0103 rom\u00e2nii nu vor mai pierde timp \u0219i bani pentru a-\u0219i lua vize pentru SUA, decizia de azi are \u00een primul r\u00e2nd o valoare simbolic\u0103. Pentru c\u0103 este un semn clar al \u00eencrederii Statelor Unite ale Americii \u00een \u021bara noastr\u0103, \u00een institu\u021biile noastre \u0219i \u00een cet\u0103\u021benii no\u0219tri. Dar este \u0219i o recunoa\u0219tere a progresului pe care l-am f\u0103cut \u00een ultimii ani, a reformelor pe care le-am implementat \u0219i a apropierii noastre de standardele euroatlantice\u201d, a declarat Ciolacu.<\/p>\n<p>Premierul a precizat c\u0103 ast\u0103zi putem vorbi cu m\u00e2ndrie despre succesul rom\u00e2nesc, despre succesul \u00eentregii noastre societ\u0103\u021bi.<\/p>\n<p>\u201e\u0218i sper ca al\u0103turi de Schengen, acesta s\u0103 fie un punct de cotitur\u0103 \u00een ceea ce prive\u0219te modul \u00een care trebuie s\u0103 ac\u021bion\u0103m ca s\u0103 atingem succesul. Mult prea mult timp am stat \u00eencremeni\u021bi \u00een lament\u0103ri.<\/p>\n<p>\u00a0<\/p>\n<p>A da vina mereu pe al\u021bii, a vorbi continuu despre nedrept\u0103\u021bi \u0219i cet\u0103\u021beni de m\u00e2na a doua nu produce nimic bun \u00een afar\u0103 de frustrare. Acesta este un mod de lucru superficial care s-a dovedit de-a lungul timpului falimentar \u00een raport cu atingerea obiectivelor mari de \u021bar\u0103.<\/p>\n<p>\u00a0<\/p>\n<p>Ast\u0103zi demonstr\u0103m f\u0103r\u0103 \u00eendoial\u0103 c\u0103 atunci c\u00e2nd avem un plan clar, oameni determina\u021bi s\u0103 \u00eel aplice \u0219i parteneri de \u00eencredere nu avem cum s\u0103 nu reu\u0219im\u201d, a ar\u0103tat \u0219eful Executivului.<\/p>\n<p>\u201eRom\u00e2nii \u00een\u021beleg c\u0103 nu construim doar pentru noi, ci mai ales pentru viitorul copiilor no\u0219tri\u201d<\/p>\n<p>Marcel Ciolacu a \u021binut s\u0103 mul\u021bumeasc\u0103 echipei guvernamentale care a muncit \u00een ultimul an pentru a atinge acest obiectiv.<\/p>\n<p>\u201eDar, \u00een spatele acestui succes, se afl\u0103 eforturile a milioane de rom\u00e2ni, at\u00e2t din \u021bar\u0103 c\u00e2t \u0219i din diaspora care au demonstrat c\u0103 demnitatea lor trebuie respectat\u0103.<\/p>\n<p>Mul\u021bumesc \u00een mod special cet\u0103\u021benilor rom\u00e2ni care au r\u0103spuns apelurilor \u0219i \u0219i-au re\u00eennoit vizele, contribuind astfel decisiv la diminuarea ratei de refuz.<\/p>\n<p>\u00cel v\u0103d \u00een sal\u0103 \u0219i pe marele nostru Gheorghe Hagi, Ambasadorul Rom\u00e2niei cu mandat c\u00e2\u0219tigat prin propriul talent \u0219i ambi\u021bie. \u00ce\u021bi mul\u021bumesc mult Gic\u0103 pentru c\u0103 te-ai al\u0103turat campaniei de re\u00eennoire a vizelor. Cred c\u0103 Oscar Cordoba \u00eenc\u0103 are co\u0219maruri cu tine de la golul memorabil din 1994, de la Campionatul Mondial din SUA. Atunci a fost nevoie de viz\u0103, acum trebuie doar s\u0103 ne calific\u0103m ca s\u0103 putem s\u0103 \u00eei sus\u021binem cu to\u021bii pe Ianis \u0219i pe ceilal\u021bi tricolori la Mondialul de anul viitor.<\/p>\n<p>Nu \u00een ultimul r\u00e2nd, vreau s\u0103 v\u0103 mul\u021bumesc dumneavoastr\u0103, doamn\u0103 Ambasador Kathleen Kavalec, \u0219i prin dumneavoastr\u0103, personalului ambasadei pe care o conduce\u021bi, pentru sprijinul oferit de-a lungul \u00eentregului proces\u201d, a spus Ciolacu.<\/p>\n<p>\u201eAcest eveniment reprezint\u0103 un punct de plecare, nu de sosire. Rom\u00e2nia are \u00een continuare ambi\u021bii mari.<\/p>\n<p>A fost aderarea la Schengen, acum vizele pentru SUA. Urmeaz\u0103 aderarea la OCDE. Rom\u00e2nia g\u00e2nde\u0219te MARE, iar acesta este un semn de maturitate \u0219i seriozitate. Tocmai proiectele mari au fost \u0219i sunt cele care solidarizeaz\u0103 acest popor. Este drumul de urmat \u0219i vom face acest lucru indiferent c\u00e2te dificult\u0103\u021bi vor ap\u0103rea pe parcurs.<\/p>\n<p>Pentru c\u0103, a\u0219a cum s-a \u00eent\u00e2mplat \u00een cazul Visa Waiver, rom\u00e2nii \u00een\u021beleg c\u0103 nu construim doar pentru noi, ci mai ales pentru viitorul copiilor no\u0219tri\u201d, a conchis premierul.<\/p>","protected":false},"excerpt":{"rendered":"<p>De altfel, istoria pare c\u0103 se desf\u0103\u0219oar\u0103 foarte rapid pentru Rom\u00e2nia \u00een aceast\u0103 perioad\u0103, a&hellip;<\/p>\n","protected":false},"author":0,"featured_media":23143,"comment_status":"open","ping_status":"open","sticky":false,"template":"","format":"standard","meta":{"footnotes":""},"categories":[2],"tags":[],"class_list":["post-23158","post","type-post","status-publish","format-standard","has-post-thumbnail","hentry","category-actual"],"_links":{"self":[{"href":"https:\/\/247stiri.ro\/index.php\/wp-json\/wp\/v2\/posts\/23158","targetHints":{"allow":["GET"]}}],"collection":[{"href":"https:\/\/247stiri.ro\/index.php\/wp-json\/wp\/v2\/posts"}],"about":[{"href":"https:\/\/247stiri.ro\/index.php\/wp-json\/wp\/v2\/types\/post"}],"replies":[{"embeddable":true,"href":"https:\/\/247stiri.ro\/index.php\/wp-json\/wp\/v2\/comments?post=23158"}],"version-history":[{"count":0,"href":"https:\/\/247stiri.ro\/index.php\/wp-json\/wp\/v2\/posts\/23158\/revisions"}],"wp:featuredmedia":[{"embeddable":true,"href":"https:\/\/247stiri.ro\/index.php\/wp-json\/wp\/v2\/media\/23143"}],"wp:attachment":[{"href":"https:\/\/247stiri.ro\/index.php\/wp-json\/wp\/v2\/media?parent=23158"}],"wp:term":[{"taxonomy":"category","embeddable":true,"href":"https:\/\/247stiri.ro\/index.php\/wp-json\/wp\/v2\/categories?post=23158"},{"taxonomy":"post_tag","embeddable":true,"href":"https:\/\/247stiri.ro\/index.php\/wp-json\/wp\/v2\/tags?post=23158"}],"curies":[{"name":"wp","href":"https:\/\/api.w.org\/{rel}","templated":true}]}}