{"id":23161,"date":"2025-01-10T14:45:24","date_gmt":"2025-01-10T14:45:24","guid":{"rendered":"https:\/\/247stiri.ro\/index.php\/2025\/01\/10\/cand-iau-elevii-vacanta-in-luna-februarie-2025-perioadele-alese-de-judete-pentru-vacanta-de-schi\/"},"modified":"2025-01-10T14:45:24","modified_gmt":"2025-01-10T14:45:24","slug":"cand-iau-elevii-vacanta-in-luna-februarie-2025-perioadele-alese-de-judete-pentru-vacanta-de-schi","status":"publish","type":"post","link":"https:\/\/247stiri.ro\/index.php\/2025\/01\/10\/cand-iau-elevii-vacanta-in-luna-februarie-2025-perioadele-alese-de-judete-pentru-vacanta-de-schi\/","title":{"rendered":"C\u00e2nd iau elevii vacan\u021b\u0103 \u00een luna februarie 2025: Perioadele alese de jude\u021be pentru vacan\u021ba de schi"},"content":{"rendered":"<p>Majoritatea jude\u021belor aleg perioada 17-21 februarie<\/p>\n<p>Din informa\u021biile furnizate de inspectoratele \u0219colare, 22 de jude\u021be \u0219i Municipiul Bucure\u0219ti au optat pentru vacan\u021ba de schi \u00een intervalul 17-21 februarie 2025. Aceast\u0103 s\u0103pt\u0103m\u00e2n\u0103 a devenit cea mai popular\u0103 alegere pentru pauza de iarn\u0103.<\/p>\n<p><a href=\"https:\/\/www.realitatea.net\/stiri\/actual\/elevii-se-intorc-astazi-in-banci-in-februarie-urmeaza-vacanta-de-schi-perioadele-sunt-diferite-in-functie-de-judet_677e1c1a72d3d1471a5dbe92\" target=\"_blank\">O excep\u021bie<\/a> este jude\u021bul Bistri\u021ba-N\u0103s\u0103ud, care va organiza vacan\u021ba mai devreme, \u00een perioada 10-14 februarie.<\/p>\n<p>\u00cen schimb, alte 17 jude\u021be vor acorda vacan\u021ba \u00een ultima s\u0103pt\u0103m\u00e2n\u0103 a lunii februarie, \u00eentre 24-28 februarie 2025, extinz\u00e2nd astfel sezonul sporturilor de iarn\u0103 pentru elevii din aceste regiuni.<\/p>\n<p>Calendarul complet al vacan\u021belor de schi<\/p>\n<p>10-14 februarie 2025:Bistri\u021ba-N\u0103s\u0103ud<\/p>\n<p>17-21 februarie 2025:Arge\u0219BihorBuz\u0103uBr\u0103ilaBucure\u0219tiC\u0103l\u0103ra\u0219iClujCara\u0219-SeverinD\u00e2mbovi\u021baGorjGiurgiuHunedoaraIalomi\u021baIlfovMehedin\u021biOltPrahovaS\u0103lajTeleormanTimi\u0219VasluiV\u00e2lceaVrancea<\/p>\n<p>24-28 februarie 2025:<\/p>\n<p>AlbaAradBac\u0103uBoto\u0219aniBra\u0219ovConstan\u021baCovasnaDoljGala\u021biHarghitaIa\u0219iMaramure\u0219Neam\u021bSatu MareSibiuSuceavaTulcea<\/p>\n<p>Structura anului \u0219colar 2024-2025<\/p>\n<p><a href=\"https:\/\/www.realitatea.net\/stiri\/actual\/elevii-se-intorc-in-banci-pe-8-ianuarie-cand-este-programata-urmatoarea-vacanta-a-copiilor-multi-sunt-deja-cu-gandul-la-ea_6777be386bcb3558520822f8\" target=\"_blank\">Vacan\u021ba de schi<\/a> face parte dintr-un program bine definit, care include perioade de cursuri \u0219i vacan\u021be stabilite astfel:<\/p>\n<p>Perioade de cursuri:9 septembrie 2024 \u2013 25 octombrie 20244 noiembrie 2024 \u2013 20 decembrie 20248 ianuarie 2025 \u2013 7 februarie\/14 februarie\/21 februarie 2025, \u00een func\u021bie de vacan\u021ba de schi17 februarie\/24 februarie\/3 martie 2025 \u2013 17 aprilie 202528 aprilie 2025 \u2013 20 iunie 2025Perioade de vacan\u021b\u0103:26 octombrie 2024 \u2013 3 noiembrie 202421 decembrie 2024 \u2013 7 ianuarie 2025O s\u0103pt\u0103m\u00e2n\u0103 \u00eentre 10 februarie \u2013 2 martie 2025, la decizia jude\u021belor18 aprilie 2025 \u2013 27 aprilie 202521 iunie 2025 \u2013 7 septembrie 2025<\/p>\n<p>Elevii \u0219i familiile lor beneficiaz\u0103 de o pauz\u0103 special dedicat\u0103 sporturilor de iarn\u0103, contribuind astfel la promovarea unui stil de via\u021b\u0103 activ.<\/p>","protected":false},"excerpt":{"rendered":"<p>Majoritatea jude\u021belor aleg perioada 17-21 februarie Din informa\u021biile furnizate de inspectoratele \u0219colare, 22 de jude\u021be&hellip;<\/p>\n","protected":false},"author":0,"featured_media":23162,"comment_status":"open","ping_status":"open","sticky":false,"template":"","format":"standard","meta":{"footnotes":""},"categories":[2],"tags":[],"class_list":["post-23161","post","type-post","status-publish","format-standard","has-post-thumbnail","hentry","category-actual"],"_links":{"self":[{"href":"https:\/\/247stiri.ro\/index.php\/wp-json\/wp\/v2\/posts\/23161","targetHints":{"allow":["GET"]}}],"collection":[{"href":"https:\/\/247stiri.ro\/index.php\/wp-json\/wp\/v2\/posts"}],"about":[{"href":"https:\/\/247stiri.ro\/index.php\/wp-json\/wp\/v2\/types\/post"}],"replies":[{"embeddable":true,"href":"https:\/\/247stiri.ro\/index.php\/wp-json\/wp\/v2\/comments?post=23161"}],"version-history":[{"count":0,"href":"https:\/\/247stiri.ro\/index.php\/wp-json\/wp\/v2\/posts\/23161\/revisions"}],"wp:featuredmedia":[{"embeddable":true,"href":"https:\/\/247stiri.ro\/index.php\/wp-json\/wp\/v2\/media\/23162"}],"wp:attachment":[{"href":"https:\/\/247stiri.ro\/index.php\/wp-json\/wp\/v2\/media?parent=23161"}],"wp:term":[{"taxonomy":"category","embeddable":true,"href":"https:\/\/247stiri.ro\/index.php\/wp-json\/wp\/v2\/categories?post=23161"},{"taxonomy":"post_tag","embeddable":true,"href":"https:\/\/247stiri.ro\/index.php\/wp-json\/wp\/v2\/tags?post=23161"}],"curies":[{"name":"wp","href":"https:\/\/api.w.org\/{rel}","templated":true}]}}