{"id":23180,"date":"2025-01-10T15:44:54","date_gmt":"2025-01-10T15:44:54","guid":{"rendered":"https:\/\/247stiri.ro\/index.php\/2025\/01\/10\/burduja-se-razboieste-cu-nicusor-dan-miza-50-de-milioane-de-euro-pentru-termoficarea-bucurestiului\/"},"modified":"2025-01-10T15:44:54","modified_gmt":"2025-01-10T15:44:54","slug":"burduja-se-razboieste-cu-nicusor-dan-miza-50-de-milioane-de-euro-pentru-termoficarea-bucurestiului","status":"publish","type":"post","link":"https:\/\/247stiri.ro\/index.php\/2025\/01\/10\/burduja-se-razboieste-cu-nicusor-dan-miza-50-de-milioane-de-euro-pentru-termoficarea-bucurestiului\/","title":{"rendered":"Burduja se r\u0103zboie\u0219te cu Nicu\u0219or Dan. Miza: 50 de milioane de euro pentru termoficarea Bucure\u0219tiului"},"content":{"rendered":"<p>Contractele de finan\u021bare cu ELCEN au fost semnate \u00een decembrie 2024, \u00eens\u0103 compania nu poate \u00eenainta cu aceste proiecte dac\u0103 Prim\u0103ria Municipiului Bucure\u0219ti nu \u00ee\u0219i pl\u0103te\u0219te datoria curent\u0103 de peste 1 miliard de lei c\u0103tre ELCEN, sus\u021bine ministrul Energiei, Sebastian Burduja.<\/p>\n<p>\u00centr-un comunicat remis, vineri, Ministerul Energiei a f\u0103cut unele preciz\u0103ri referitoare la proiectele depuse de Municipiul Bucure\u0219ti pentru reabilitarea sistemului de termoficare, \u00een contextul informa\u021biilor publice recente privind accesarea fondurilor europene pentru modernizarea sistemului de termoficare al Municipiului Bucure\u0219ti.<\/p>\n<p>\u201eMunicipiul Bucure\u0219ti a depus dou\u0103 proiecte \u00een cadrul celor dou\u0103 apeluri de finan\u021bare pentru proiecte de reabilitare a sistemelor de termoficare din marile ora\u0219e, gestionate de Ministerul Energiei, c\u00e2te un proiect pe fiecare apel de proiecte, respectiv: Tip A &#8211; pentru sisteme integrate de tip SACET \u0219i Tip B pentru sisteme cu produc\u021bia separat\u0103 de transportul \u0219i distribu\u021bia agentului termic. \u00cen ceea ce prive\u0219te proiectul depus \u00een cadrul apelului de proiecte de tip A, Municipiul Bucure\u0219ti nu a demonstrat eligibilitatea pentru proiecte de tip A, a\u0219a cum este prev\u0103zut \u00een Ghidul solicitantului, \u00een sensul c\u0103 nu a f\u0103cut dovada c\u0103 \u00eendepline\u0219te condi\u021biile din Ghidul solicitantului, Capitolul 1.8 Ajutor de stat\u201d, sus\u021bin reprezentan\u021bii ministrului.<\/p>\n<p>\u00cen ceea ce prive\u0219te proiectul depus de Municipiul Bucure\u0219ti \u00een cadrul apelului de proiecte de tip B, motivele de respingere a cererii de finan\u021bare au vizat aspecte precum: proiectul a fost depus f\u0103r\u0103 o hot\u0103r\u00e2re de aprobare a bugetului actualizat; ajutorul financiar nerambursabil solicitat a fost mai mare dec\u00e2t pragul indicat prin ghid; studiul de fezabilitate depus \u00eempreun\u0103 cu cererea de finan\u021bare indic\u0103 drept \u201eTitular investi\u021bie\u201d \u0219i \u201eBeneficiar\u201d &#8211; Compania Municipal\u0103 Termoenergetica Bucure\u0219ti SA \u0219i nu solicitantul finan\u021b\u0103rii, respectiv Municipiul Bucure\u0219ti.<\/p>\n<p>Un alt motiv al respingerii cererii de finan\u021bare este faptul c\u0103 solicitantul nu a pus la dispozi\u021bie Planul anual de evolu\u021bie a tarifelor (conform Analizei Cost-Beneficiu), aprobat de c\u0103tre Consiliul General al Municipiului Bucure\u0219ti, pentru proiectul pentru care era necesar\u0103 \u00eentocmirea studiului de fezabilitate.<\/p>\n<p>\u201ePreciz\u0103m c\u0103 evalu\u0103rile \u00een cadrul acestor apeluri au fost realizate de exper\u021bi externi, iar Ministerul Energiei a fost \u00een permanent contact cu to\u021bi aplican\u021bii, solicit\u00e2nd clarific\u0103ri pentru problemele ap\u0103rute. Ministerul Energiei nu poate r\u0103spunde pentru calitatea documenta\u021biilor transmise de fiecare aplicant \u00een parte, iar faptul c\u0103 exist\u0103 o serie de contracte deja semnate pentru apelul de tip B (Cluj-Napoca, Constan\u021ba, Craiova, Suceava etc.) demonstreaz\u0103 faptul c\u0103 acest apel a fost accesibil tuturor aplican\u021bilor cu proiecte eligibile\u201d, se mai precizeaz\u0103 \u00een comunicat.<\/p>\n<p>Totodat\u0103, pentru proiectele de tip A, evaluarea tehnic\u0103 este \u00een curs, iar semnarea contractelor este a\u0219teptat\u0103 \u00een data de 23 ianuarie 2025.<\/p>\n<p>\u201eM\u0103 simt nevoit s\u0103 revin asupra unui subiect pe care l-am abordat \u0219i anterior, inclusiv \u00een conferin\u021ba de pres\u0103 de ieri: problema sistemului de termoficare din Capital\u0103. Exist\u0103 fonduri pentru finan\u021barea proiectelor de modernizare a acestui sistem, ceea ce bucure\u0219tenii a\u0219teapt\u0103 zi de zi, dar Prim\u0103ria Capitalei trebuie s\u0103 \u00ee\u0219i fac\u0103 treaba. De\u0219i PMB a depus c\u00e2te un proiect pe fiecare apel, dup\u0103 multiple rug\u0103min\u021bi publice pe care le-am exprimat \u00een vara anului trecut, ambele proiecte au avut probleme grave de eligibilitate din cauza documenta\u021biei \u00eentocmite necorespunz\u0103tor\u201d, a declarat Sebastian Burduja, citat \u00een comunicat.<\/p>\n<p>Potrivit acestuia, evalu\u0103rile sunt realizate de consultan\u021bi externi, tocmai pentru a asigura transparen\u021b\u0103 \u0219i profesionalism.<\/p>\n<p>\u201eFac un nou apel c\u0103tre primarul Capitalei: mai sunt 50 de milioane de euro \u00een cadrul apelului de tip B, bani care \u00eenc\u0103 pot fi atra\u0219i pentru reabilitarea sistemului de termoficare din Bucure\u0219ti. Prim\u0103ria trebuie s\u0103 refac\u0103 de urgen\u021b\u0103 documenta\u021bia \u0219i s\u0103 revin\u0103 cu o aplica\u021bie eligibil\u0103. Este inacceptabil ca cel mai mare ora\u0219 din Rom\u00e2nia, motorul economic principal al \u021b\u0103rii, s\u0103 nu poat\u0103 atrage ace\u0219ti bani. Mai mult, semnalez c\u0103 Ministerul Energiei a reu\u0219it s\u0103 atrag\u0103 361 de milioane euro pentru reabilitarea celor 3 CET-uri din Bucure\u0219ti, care sunt din anii 1960-1970 \u0219i au mare nevoie de modernizare. Am semnat deja contractele de finan\u021bare cu ELCEN \u00een decembrie 2024, dar compania nu poate \u00eenainta cu aceste proiecte dac\u0103 PMB nu \u00ee\u0219i pl\u0103te\u0219te datoria curent\u0103 de peste 1 miliard de lei c\u0103tre ELCEN\u201d, a ad\u0103ugat Burduja.<\/p>\n<p>Ministerul Energiei \u00ee\u0219i reafirm\u0103 angajamentul pentru sprijinirea tuturor unit\u0103\u021bilor administrativ-teritoriale \u00een procesul de modernizare a infrastructurii de termoficare \u0219i \u00eencurajeaz\u0103 autorit\u0103\u021bile locale s\u0103 respecte cerin\u021bele ghidurilor de finan\u021bare pentru a putea accesa fondurile disponibile, precizeaz\u0103 sursa citat\u0103.<\/p>","protected":false},"excerpt":{"rendered":"<p>Contractele de finan\u021bare cu ELCEN au fost semnate \u00een decembrie 2024, \u00eens\u0103 compania nu poate&hellip;<\/p>\n","protected":false},"author":0,"featured_media":23181,"comment_status":"open","ping_status":"open","sticky":false,"template":"","format":"standard","meta":{"footnotes":""},"categories":[2],"tags":[],"class_list":["post-23180","post","type-post","status-publish","format-standard","has-post-thumbnail","hentry","category-actual"],"_links":{"self":[{"href":"https:\/\/247stiri.ro\/index.php\/wp-json\/wp\/v2\/posts\/23180","targetHints":{"allow":["GET"]}}],"collection":[{"href":"https:\/\/247stiri.ro\/index.php\/wp-json\/wp\/v2\/posts"}],"about":[{"href":"https:\/\/247stiri.ro\/index.php\/wp-json\/wp\/v2\/types\/post"}],"replies":[{"embeddable":true,"href":"https:\/\/247stiri.ro\/index.php\/wp-json\/wp\/v2\/comments?post=23180"}],"version-history":[{"count":0,"href":"https:\/\/247stiri.ro\/index.php\/wp-json\/wp\/v2\/posts\/23180\/revisions"}],"wp:featuredmedia":[{"embeddable":true,"href":"https:\/\/247stiri.ro\/index.php\/wp-json\/wp\/v2\/media\/23181"}],"wp:attachment":[{"href":"https:\/\/247stiri.ro\/index.php\/wp-json\/wp\/v2\/media?parent=23180"}],"wp:term":[{"taxonomy":"category","embeddable":true,"href":"https:\/\/247stiri.ro\/index.php\/wp-json\/wp\/v2\/categories?post=23180"},{"taxonomy":"post_tag","embeddable":true,"href":"https:\/\/247stiri.ro\/index.php\/wp-json\/wp\/v2\/tags?post=23180"}],"curies":[{"name":"wp","href":"https:\/\/api.w.org\/{rel}","templated":true}]}}