{"id":23196,"date":"2025-01-10T16:44:52","date_gmt":"2025-01-10T16:44:52","guid":{"rendered":"https:\/\/247stiri.ro\/index.php\/2025\/01\/10\/insp-a-anuntat-oficial-cazurile-confirmate-de-metapneumovirus-uman-in-china-este-in-limitele-asteptate-pentru-sezonul-de-iarna\/"},"modified":"2025-01-10T16:44:52","modified_gmt":"2025-01-10T16:44:52","slug":"insp-a-anuntat-oficial-cazurile-confirmate-de-metapneumovirus-uman-in-china-este-in-limitele-asteptate-pentru-sezonul-de-iarna","status":"publish","type":"post","link":"https:\/\/247stiri.ro\/index.php\/2025\/01\/10\/insp-a-anuntat-oficial-cazurile-confirmate-de-metapneumovirus-uman-in-china-este-in-limitele-asteptate-pentru-sezonul-de-iarna\/","title":{"rendered":"INSP a anun\u0163at oficial cazurile confirmate de metapneumovirus uman. \u00cen China este \u00een limitele a\u015fteptate pentru sezonul de iarn\u0103"},"content":{"rendered":"<p>INSP a transmis, vineri, preciz\u0103ri cu privire la Metapneumovirusul uman (HMPV).<\/p>\n<p>\u201ePrimul caz detectat \u015fi raportat, \u00een luna noiembrie, \u00een cadrul sistemului de supraveghere a infec\u0163iilor respiratorii acute severe (SARI) este din Bucure\u015fti. Un al doilea caz din Bucure\u015fti a fost confirmat ieri, 9 ianuarie 2025, de c\u0103tre Institutul Na\u0163ional de Cercetare-Dezvoltare Medico-Militar\u0103 \u201eCantacuzino\u201d, iar cazul din Oradea este \u00een curs de validare\u201d, anun\u0163\u0103 INSP.<\/p>\n<p>HMPV este un virus respirator obi\u015fnuit, urm\u0103rit \u00een cadrul sistemului de supraveghere a infec\u0163iilor respiratorii acute severe (SARI).<\/p>\n<p>\u201dAcesta a fost detectat la un num\u0103r mic de cazuri, \u00eencep\u00e2nd din sezonul 2013-2014. Atunci au fost doar 15 cazuri \u00een intreg sezonul, \u00een al\u0163i ani sub 10 iar \u00een sezonul 2024-2025 au fost confirmate, p\u00e2n\u0103 la aceast\u0103 dat\u0103, dou\u0103 cazuri\u201d, a mai transmis institu\u0163ia citat\u0103.<\/p>\n<p>Aceasta explic\u0103 faptul c\u0103, potrivit Organiza\u0163iei Mondiale a S\u0103n\u0103t\u0103\u0163ii, nivelul infec\u0163iilor respiratorii acute, inclusiv cauzate de Metapneumovirusul uman (hMPV), \u00een China este \u00een limitele a\u015fteptate pentru sezonul de iarn\u0103, f\u0103r\u0103 modele neobi\u015fnuite de izbucniri epidemice.<\/p>\n<p>\u201dAutorit\u0103\u0163ile chineze au confirmat c\u0103 sistemul sanitar nu este cople\u015fit, iar spitaliz\u0103rile sunt \u00een prezent mai pu\u0163ine dec\u00e2t \u00een perioada similar\u0103 a anului trecut. Nu au fost declarate situa\u0163ii de urgen\u0163\u0103 \u015fi, \u00een consecin\u0163\u0103, nu au fost declan\u015fate nici m\u0103suri de r\u0103spuns la acestea\u201d, a mai transmis INSP.<\/p>\n<p>Institutul Na\u0163ional de S\u0103n\u0103tate Public\u0103\u00a0recomand\u0103 respectarea urm\u0103toarelor m\u0103suri de prevenire a \u00eemboln\u0103virilor:<\/p>\n<p>Sp\u0103larea regulat\u0103 a m\u00e2inilor cu ap\u0103 \u015fi s\u0103pun;Respectarea igienei tusei \u015fi a str\u0103nutului: acoperirea nasului \u015fi a gurii cu un \u015ferve\u0163el \u00een timpul tusei \u015fi al str\u0103nutului \u015fi aruncarea lui dup\u0103 utilizare sau acoperirea \u00een totalitate a nasului \u015fi a gurii \u00een plica cotului \u00een timpul str\u0103nutului;Aerisirea zilnic\u0103 a \u00eenc\u0103perilor;Evitarea locurilor aglomerate;Adresarea la medicul de familie la apari\u0163ia simptomelor respiratorii, pentru a stabili recomand\u0103rile necesar a fi urmate;Evitarea intr\u0103rii \u00een colectivitate \u015fi \u00een alte locuri aglomerate a persoanelor care au semne \u015fi simptome sugestive pentru grip\u0103 (febr\u0103, str\u0103nut, tuse, dureri \u00een g\u00e2t, dureri musculare) p\u00e2n\u0103 la dispari\u0163ia acestora \u015fi adresarea la medicul de familie.\u00cendemn\u0103m popula\u0163ia s\u0103 respecte m\u0103surile de prevenire \u015fi s\u0103 contacteze medicul de familie \u00een cazul apari\u0163iei simptomelor respiratorii.<\/p>","protected":false},"excerpt":{"rendered":"<p>INSP a transmis, vineri, preciz\u0103ri cu privire la Metapneumovirusul uman (HMPV). \u201ePrimul caz detectat \u015fi&hellip;<\/p>\n","protected":false},"author":0,"featured_media":23197,"comment_status":"open","ping_status":"open","sticky":false,"template":"","format":"standard","meta":{"footnotes":""},"categories":[2],"tags":[],"class_list":["post-23196","post","type-post","status-publish","format-standard","has-post-thumbnail","hentry","category-actual"],"_links":{"self":[{"href":"https:\/\/247stiri.ro\/index.php\/wp-json\/wp\/v2\/posts\/23196","targetHints":{"allow":["GET"]}}],"collection":[{"href":"https:\/\/247stiri.ro\/index.php\/wp-json\/wp\/v2\/posts"}],"about":[{"href":"https:\/\/247stiri.ro\/index.php\/wp-json\/wp\/v2\/types\/post"}],"replies":[{"embeddable":true,"href":"https:\/\/247stiri.ro\/index.php\/wp-json\/wp\/v2\/comments?post=23196"}],"version-history":[{"count":0,"href":"https:\/\/247stiri.ro\/index.php\/wp-json\/wp\/v2\/posts\/23196\/revisions"}],"wp:featuredmedia":[{"embeddable":true,"href":"https:\/\/247stiri.ro\/index.php\/wp-json\/wp\/v2\/media\/23197"}],"wp:attachment":[{"href":"https:\/\/247stiri.ro\/index.php\/wp-json\/wp\/v2\/media?parent=23196"}],"wp:term":[{"taxonomy":"category","embeddable":true,"href":"https:\/\/247stiri.ro\/index.php\/wp-json\/wp\/v2\/categories?post=23196"},{"taxonomy":"post_tag","embeddable":true,"href":"https:\/\/247stiri.ro\/index.php\/wp-json\/wp\/v2\/tags?post=23196"}],"curies":[{"name":"wp","href":"https:\/\/api.w.org\/{rel}","templated":true}]}}