{"id":23199,"date":"2025-01-10T16:44:53","date_gmt":"2025-01-10T16:44:53","guid":{"rendered":"https:\/\/247stiri.ro\/index.php\/2025\/01\/10\/ancheta-in-gorj-dupa-ce-un-bebelus-a-murit-la-17-ore-dupa-nastere-spitalul-nu-are-medic-neonatolog\/"},"modified":"2025-01-10T16:44:53","modified_gmt":"2025-01-10T16:44:53","slug":"ancheta-in-gorj-dupa-ce-un-bebelus-a-murit-la-17-ore-dupa-nastere-spitalul-nu-are-medic-neonatolog","status":"publish","type":"post","link":"https:\/\/247stiri.ro\/index.php\/2025\/01\/10\/ancheta-in-gorj-dupa-ce-un-bebelus-a-murit-la-17-ore-dupa-nastere-spitalul-nu-are-medic-neonatolog\/","title":{"rendered":"Anchet\u0103 \u00een Gorj, dup\u0103 ce un bebelu\u0219 a murit la 17 ore dup\u0103 na\u0219tere. Spitalul nu are medic neonatolog"},"content":{"rendered":"<p>poli\u0163i\u015ftii din cadrul Poli\u0163iei Ora\u015fului T\u00e2rgu C\u0103rbune\u015fti au fost sesiza\u0163i, prin 112, de reprezentan\u0163i ai Spitalului de Urgen\u0163\u0103 T\u00e2rgu C\u0103rbune\u015fti \u2013 Sec\u0163ia Neonatologie Obstetric\u0103, cu privire la decesul unui nou-n\u0103scut.<\/p>\n<p>\u201eLa fa\u0163a locului s-a deplasat echipa operativ\u0103 din cadrul Poli\u0163iei Ora\u015fului T\u00e2rgu C\u0103rbune\u015fti, care a stabilit faptul c\u0103, la data de 8 ianuarie, la Sec\u0163ia Neonatologie Obstetric\u0103 a spitalului de urgen\u0163\u0103 din localitate, o femeie, \u00een v\u00e2rst\u0103 de 22 de ani, din Baia de Aram\u0103, a n\u0103scut prin cezarian\u0103 un bebelu\u015f, iar la data de 9.01.2025, ora 3,45, s-a constatat decesul acestuia. Cadavrul nu prezenta urme de violen\u0163\u0103 la nivelul capului, trunchiului \u015fi membrelor. \u00cen cauz\u0103, s-a \u00eentocmit dosar penal, pentru s\u0103v\u00e2r\u015firea infrac\u0163iunii de ucidere din culp\u0103 (moarte suspect\u0103)\u201d, a afirmat Ioana Nanu.<\/p>\n<p>Pre\u015fedintele Colegiului Medicilor din Rom\u00e2nia, C\u0103t\u0103lina Poian\u0103, aflat\u0103 vineri la T\u00e2rgu Jiu, a f\u0103cut preciz\u0103ri cu privire la acest caz.<\/p>\n<p>\u201eEste, \u00eentr-adev\u0103r, \u00eenc\u0103 o tragedie, pierderea unei vie\u0163i e o tragedie, nemaivorbind de acest bebelu\u015f. Nu avem niciun fel de informa\u0163ii suplimentare legate despre acest caz, dec\u00e2t c\u0103 am auzit de lipsa neonatologului, este singura informa\u0163ie pe care am avut-o. Modalitatea prin care Colegiul Medicilor se poate implica este dac\u0103 exist\u0103 o pl\u00e2ngere din partea familiei sau, \u00een cazul \u00een care nu exist\u0103 aceast\u0103 pl\u00e2ngere, dac\u0103 la nivelul colegiului teritorial se consider\u0103 necesar, bine\u00een\u0163eles c\u0103 acesta se poate autosesiza, cum am \u00een\u0163eles c\u0103 se va \u00eent\u00e2mpla \u00een cazul bebelu\u015fului care a avut acest sf\u00e2r\u015fit tragic\u201d, a declarat C\u0103t\u0103lina Poian\u0103.<\/p>","protected":false},"excerpt":{"rendered":"<p>poli\u0163i\u015ftii din cadrul Poli\u0163iei Ora\u015fului T\u00e2rgu C\u0103rbune\u015fti au fost sesiza\u0163i, prin 112, de reprezentan\u0163i ai&hellip;<\/p>\n","protected":false},"author":0,"featured_media":23200,"comment_status":"open","ping_status":"open","sticky":false,"template":"","format":"standard","meta":{"footnotes":""},"categories":[2],"tags":[],"class_list":["post-23199","post","type-post","status-publish","format-standard","has-post-thumbnail","hentry","category-actual"],"_links":{"self":[{"href":"https:\/\/247stiri.ro\/index.php\/wp-json\/wp\/v2\/posts\/23199","targetHints":{"allow":["GET"]}}],"collection":[{"href":"https:\/\/247stiri.ro\/index.php\/wp-json\/wp\/v2\/posts"}],"about":[{"href":"https:\/\/247stiri.ro\/index.php\/wp-json\/wp\/v2\/types\/post"}],"replies":[{"embeddable":true,"href":"https:\/\/247stiri.ro\/index.php\/wp-json\/wp\/v2\/comments?post=23199"}],"version-history":[{"count":0,"href":"https:\/\/247stiri.ro\/index.php\/wp-json\/wp\/v2\/posts\/23199\/revisions"}],"wp:featuredmedia":[{"embeddable":true,"href":"https:\/\/247stiri.ro\/index.php\/wp-json\/wp\/v2\/media\/23200"}],"wp:attachment":[{"href":"https:\/\/247stiri.ro\/index.php\/wp-json\/wp\/v2\/media?parent=23199"}],"wp:term":[{"taxonomy":"category","embeddable":true,"href":"https:\/\/247stiri.ro\/index.php\/wp-json\/wp\/v2\/categories?post=23199"},{"taxonomy":"post_tag","embeddable":true,"href":"https:\/\/247stiri.ro\/index.php\/wp-json\/wp\/v2\/tags?post=23199"}],"curies":[{"name":"wp","href":"https:\/\/api.w.org\/{rel}","templated":true}]}}