{"id":23220,"date":"2025-01-10T18:44:55","date_gmt":"2025-01-10T18:44:55","guid":{"rendered":"https:\/\/247stiri.ro\/index.php\/2025\/01\/10\/fost-judecator-despre-cel-mai-asteptat-proces-din-romania-iccj-a-fixat-termenul-pentru-judecarea-dosarului-pe-16-ianuarie\/"},"modified":"2025-01-10T18:44:55","modified_gmt":"2025-01-10T18:44:55","slug":"fost-judecator-despre-cel-mai-asteptat-proces-din-romania-iccj-a-fixat-termenul-pentru-judecarea-dosarului-pe-16-ianuarie","status":"publish","type":"post","link":"https:\/\/247stiri.ro\/index.php\/2025\/01\/10\/fost-judecator-despre-cel-mai-asteptat-proces-din-romania-iccj-a-fixat-termenul-pentru-judecarea-dosarului-pe-16-ianuarie\/","title":{"rendered":"Fost judec\u0103tor, despre cel mai a\u0219teptat proces din Rom\u00e2nia: \u201e\u00ceCCJ a fixat termenul pentru judecarea dosarului pe 16 ianuarie\u201d"},"content":{"rendered":"<p>\u201dICCJ respect\u0103\u00a0\u015fi procedura\u00a0\u015fi a\u015fteptarea public\u0103\u00a0\u015fi fixeaz\u0103\u00a0termen \u00een dosarul privind obligarea Guvernului s\u0103 reia turul 2 pe 16.01.2025.\u00a0 Spuneam c\u0103 procedura ordonan\u0163ei pre\u015fedin\u0163iale care e aplicabil\u0103 contesta\u0163iilor electorale impunea un termen scurt, dar chiar s-a dat unul rapid\u201d, a scris, vineri sear\u0103, pe Facebook, avocatul Adrian Toni Neac\u015fu.<\/p>\n<p>\u00a0<\/p>\n<p>\u00cen 8 ianuarie, acesta a explicat c\u0103 \u201djudec\u0103torul care a respins cererea lui C\u0103lin Georgescu de la CA Bucure\u015fti, ar trebui s\u0103 \u00een\u0163eleag\u0103 tensiunea vremurilor actuale \u015fi s\u0103 \u00eencerce s\u0103 motiveze cat mai repede sentin\u0163a, astfel \u00eenc\u00e2t dosarul s\u0103 poat\u0103 pleca imediat la \u00cenalt\u0103 Curte de Casatie \u015fi Justi\u0163ie\u201d.<\/p>\n<p>\u201dOrice \u00eent\u00e2rziere, chiar dac\u0103 ea ar putea fi motivat\u0103 de complexitatea \u015fi caracterul stufos al dosarului, \u00een care ini\u0163ial au fost chema\u0163i \u00een judecat\u0103 un num\u0103r neverosimil de para\u0163i (25!) \u015fi s-au solu\u0163ionat nenumate excep\u0163ii procedurale si de fond (15 cel pu\u0163in!), va putea sta cu siguran\u0163\u0103 la baza continu\u0103rii atacurilor personale la adresa judec\u0103torului, dar \u015fi declan\u015farea altora noi care s\u0103 priveasc\u0103 Curtea de Apel \u00een ansamblu sau chiar justi\u0163ia \u00een general\u201d, scria atunci avocatul.<\/p>\n<p>Acesta explica faptul c\u0103 s-a aplicat procedura ordonan\u0163ei pre\u015fedin\u0163iale, de aceea motivarea trebui s\u0103 fie gata \u00een 48 de ore.<\/p>\n<p>\u00a0<\/p>\n<p>\u201dChiar \u015fi avoca\u0163ii din cauz\u0103 au avut \u00een\u0163elegere \u015fi nu au comentat \u00een vreun fel negativ \u00een mod public dep\u0103\u015firea termenului de 48 de ore, pentru c\u0103 e de bun sim\u0163 c\u0103 in noaptea de Revelion \u015fi \u00een primele 2 zile de An nou e cam imposibil s\u0103 termini de motivat un dosar at\u00e2t de complicat \u015fi de important (&#8230;) Pe scurt \u015fi f\u0103r\u0103 chestiile tehnice, dupa ce sentin\u0163a CA Bucure\u015fti este motivat\u0103 \u00eencepe sa curg\u0103 un nou termen de 5 zile \u00een care p\u0103r\u0163ile \u00ee\u015fi pot motiva la r\u00e2ndul lor recursul declarat \u015fi abia dup\u0103 aceea dosarul se trimite la ICCJ \u00een vederea stabilirii unui termen de judecat\u0103. C\u00e2t timp \u00eens\u0103 hot\u0103r\u00e2rea nu e motivat\u0103 intreg acest calendar st\u0103 pe loc\u201d, mai scria avocatul.<\/p>\n<p>Curtea Constitu\u0163ional\u0103 a decis \u00een unanimitate, \u00een 6 decembrie 2024, c\u00e2nd votul \u00een str\u0103in\u0103tate pentru al doilea tur al alegerilor preziden\u0163iale deja \u00eencepuse, anularea \u00eentregului proces electoral pentru alegerea pre\u015fedintelui Rom\u00e2niei, urm\u00e2nd s\u0103 fie stabilite o nou\u0103 dat\u0103 \u015fi un nou calendar electoral pentru realizarea ac\u0163iunilor necesare.<\/p>\n<p>Articolul din Constitu\u0163ie invocat de judec\u0103torii Cur\u0163ii Constitu\u0163ionale prevede c\u0103 CCR vegheaz\u0103 la respectarea procedurii pentru alegerea Pre\u015fedintelui Rom\u00e2niei \u015fi confirm\u0103 rezultatele sufragiului.<\/p>\n<p>\u201dPrincipalele aspecte imputate procesului electoral privind alegerea Pre\u015fedintelui Rom\u00e2niei din anul 2024 sunt cele privind manipularea votului aleg\u0103torilor \u015fi distorsionarea egalit\u0103\u0163ii de \u015fanse a competitorilor electorali, prin utilizarea netransparent\u0103 \u015fi cu \u00eenc\u0103lcarea legisla\u0163iei electorale a tehnologiilor digitale \u015fi a inteligen\u0163ei artificiale \u00een desf\u0103\u015furarea campaniei electorale, precum \u015fi prin finan\u0163area din surse nedeclarate a campaniei electorale, inclusiv online\u201d, sublinia CCR.<\/p>\n<p>Totodat\u0103, Curtea argumenta c\u0103 este aplicabil articolul din Constitu\u0163ie potrivit c\u0103ruia pre\u015fedintele Rom\u00e2niei \u00een func\u0163ie \u201dexercit\u0103 mandatul p\u00e2n\u0103 la depunerea jur\u0103m\u00e2ntului de pre\u015fedintele nou-ales\u201d, astfel c\u0103 pre\u015fedintele Klaus Iohannis, al c\u0103rui mandat se \u00eencheia \u00een 21 decembrie, a r\u0103mas \u00een func\u0163ie\u201d, scrie Toni Neac\u0219u pe Facebook.<\/p>\n<p>\u00a0<\/p>\n\n<p>\u00a0<\/p>","protected":false},"excerpt":{"rendered":"<p>\u201dICCJ respect\u0103\u00a0\u015fi procedura\u00a0\u015fi a\u015fteptarea public\u0103\u00a0\u015fi fixeaz\u0103\u00a0termen \u00een dosarul privind obligarea Guvernului s\u0103 reia turul 2&hellip;<\/p>\n","protected":false},"author":0,"featured_media":23221,"comment_status":"open","ping_status":"open","sticky":false,"template":"","format":"standard","meta":{"footnotes":""},"categories":[2],"tags":[],"class_list":["post-23220","post","type-post","status-publish","format-standard","has-post-thumbnail","hentry","category-actual"],"_links":{"self":[{"href":"https:\/\/247stiri.ro\/index.php\/wp-json\/wp\/v2\/posts\/23220","targetHints":{"allow":["GET"]}}],"collection":[{"href":"https:\/\/247stiri.ro\/index.php\/wp-json\/wp\/v2\/posts"}],"about":[{"href":"https:\/\/247stiri.ro\/index.php\/wp-json\/wp\/v2\/types\/post"}],"replies":[{"embeddable":true,"href":"https:\/\/247stiri.ro\/index.php\/wp-json\/wp\/v2\/comments?post=23220"}],"version-history":[{"count":0,"href":"https:\/\/247stiri.ro\/index.php\/wp-json\/wp\/v2\/posts\/23220\/revisions"}],"wp:featuredmedia":[{"embeddable":true,"href":"https:\/\/247stiri.ro\/index.php\/wp-json\/wp\/v2\/media\/23221"}],"wp:attachment":[{"href":"https:\/\/247stiri.ro\/index.php\/wp-json\/wp\/v2\/media?parent=23220"}],"wp:term":[{"taxonomy":"category","embeddable":true,"href":"https:\/\/247stiri.ro\/index.php\/wp-json\/wp\/v2\/categories?post=23220"},{"taxonomy":"post_tag","embeddable":true,"href":"https:\/\/247stiri.ro\/index.php\/wp-json\/wp\/v2\/tags?post=23220"}],"curies":[{"name":"wp","href":"https:\/\/api.w.org\/{rel}","templated":true}]}}