{"id":23222,"date":"2025-01-10T18:44:55","date_gmt":"2025-01-10T18:44:55","guid":{"rendered":"https:\/\/247stiri.ro\/index.php\/2025\/01\/10\/ministrul-educatiei-lucreaza-la-un-raport-privind-starea-sistemului-de-educatie-poate-sa-ghideze-dezvoltarile-la-nivelul-ministerului-pe-termen-mediu-si-lung\/"},"modified":"2025-01-10T18:44:55","modified_gmt":"2025-01-10T18:44:55","slug":"ministrul-educatiei-lucreaza-la-un-raport-privind-starea-sistemului-de-educatie-poate-sa-ghideze-dezvoltarile-la-nivelul-ministerului-pe-termen-mediu-si-lung","status":"publish","type":"post","link":"https:\/\/247stiri.ro\/index.php\/2025\/01\/10\/ministrul-educatiei-lucreaza-la-un-raport-privind-starea-sistemului-de-educatie-poate-sa-ghideze-dezvoltarile-la-nivelul-ministerului-pe-termen-mediu-si-lung\/","title":{"rendered":"Ministrul Educa\u0163iei lucreaz\u0103 la un raport privind starea sistemului de educa\u0163ie: Poate s\u0103 ghideze dezvolt\u0103rile la nivelul ministerului pe termen mediu \u015fi lung"},"content":{"rendered":"<p>\u201dC\u00e2nd vorbim de Ministerul Educa\u0163iei \u015fi Cercet\u0103rii, avem trei mari domenii. Avem \u00eenv\u0103\u0163\u0103m\u00e2ntul preuniversitar, \u00eenv\u0103\u0163\u0103m\u00e2ntul superior \u015fi zona de cercetare \u00een acest moment. \u015ei atunci este important ca toate aceste trei sisteme mari \u015fi complicate, cu milioane de oameni implica\u0163i, s\u0103 func\u0163ioneze bine. Pentru mine asta e o miz\u0103 foarte mare \u00een aceast\u0103 perioad\u0103 complicat\u0103 economico-finan\u0163ial \u015fi politic\u0103\u201d, a spus ministrul Educa\u0163iei \u00eentr-o conferin\u0163\u0103 de pres\u0103.<\/p>\n<p>El a precizat c\u0103, dac\u0103 sunt eficien\u0163i, pot \u00eencepe implementarea unor elemente de dezvoltare, at\u00e2t din programul de guvernare, c\u00e2t \u015fi din legisla\u0163ie (..) care s\u0103 eficientizeze lucrurile.\u00a0\u00a0<\/p>\n<p>\u201dAm \u00eenceput deja acest demers cu consilierii pe care \u00eei am, s\u0103 facem un diagnostic al sistemului. (..) Noi ar trebui s\u0103 avem ni\u015fte politici foarte, foarte predictive. Oamenii s\u0103 \u015ftie ce se \u00eent\u00e2mpl\u0103, ce se va \u00eent\u00e2mpla, indiferent de coloratura politic\u0103 mai de centru deasupra sau de centrul st\u00e2nga\u201d, a men\u0163ionat ministrul.<\/p>\n<p>Daniel David a ar\u0103tat c\u0103 acest raport ar trebui s\u0103 identifice lucrurile bune pe care le avem \u015fi care sunt cauzele pentru aceste lucruri bune, astfel \u00eenc\u00e2t s\u0103 \u015ftim s\u0103 le p\u0103str\u0103m \u015fi s\u0103 le dezvolt\u0103m \u015fi lucrurile proaste care exist\u0103 \u00een sistem, astfel \u00eenc\u00e2t s\u0103 le c\u0103ut\u0103m cauzele \u015fi s\u0103 vedem cum le modific\u0103m.<\/p>\n<p>\u201dOrice modificare pentru mine trebuie s\u0103 se raporteze la setul de bune practici. (..) Cred c\u0103 acel diagnostic pe care inten\u0163ionez s\u0103-l public\u0103m la sf\u00e2r\u015fitul lunii mai, va fi raportul care poate s\u0103 ghideze dezvolt\u0103rile la nivelul ministerului pe termen lung \u015fi pe termen mediu \u015fi lung\u201d, a completat David.<\/p>","protected":false},"excerpt":{"rendered":"<p>\u201dC\u00e2nd vorbim de Ministerul Educa\u0163iei \u015fi Cercet\u0103rii, avem trei mari domenii. Avem \u00eenv\u0103\u0163\u0103m\u00e2ntul preuniversitar, \u00eenv\u0103\u0163\u0103m\u00e2ntul&hellip;<\/p>\n","protected":false},"author":0,"featured_media":23223,"comment_status":"open","ping_status":"open","sticky":false,"template":"","format":"standard","meta":{"footnotes":""},"categories":[2],"tags":[],"class_list":["post-23222","post","type-post","status-publish","format-standard","has-post-thumbnail","hentry","category-actual"],"_links":{"self":[{"href":"https:\/\/247stiri.ro\/index.php\/wp-json\/wp\/v2\/posts\/23222","targetHints":{"allow":["GET"]}}],"collection":[{"href":"https:\/\/247stiri.ro\/index.php\/wp-json\/wp\/v2\/posts"}],"about":[{"href":"https:\/\/247stiri.ro\/index.php\/wp-json\/wp\/v2\/types\/post"}],"replies":[{"embeddable":true,"href":"https:\/\/247stiri.ro\/index.php\/wp-json\/wp\/v2\/comments?post=23222"}],"version-history":[{"count":0,"href":"https:\/\/247stiri.ro\/index.php\/wp-json\/wp\/v2\/posts\/23222\/revisions"}],"wp:featuredmedia":[{"embeddable":true,"href":"https:\/\/247stiri.ro\/index.php\/wp-json\/wp\/v2\/media\/23223"}],"wp:attachment":[{"href":"https:\/\/247stiri.ro\/index.php\/wp-json\/wp\/v2\/media?parent=23222"}],"wp:term":[{"taxonomy":"category","embeddable":true,"href":"https:\/\/247stiri.ro\/index.php\/wp-json\/wp\/v2\/categories?post=23222"},{"taxonomy":"post_tag","embeddable":true,"href":"https:\/\/247stiri.ro\/index.php\/wp-json\/wp\/v2\/tags?post=23222"}],"curies":[{"name":"wp","href":"https:\/\/api.w.org\/{rel}","templated":true}]}}