{"id":23234,"date":"2025-01-10T19:45:30","date_gmt":"2025-01-10T19:45:30","guid":{"rendered":"https:\/\/247stiri.ro\/index.php\/2025\/01\/10\/tara-arde-ciolacu-incinge-reteaua-care-a-deturnat-alegerile-ce-a-postat-pe-tiktok\/"},"modified":"2025-01-10T19:45:30","modified_gmt":"2025-01-10T19:45:30","slug":"tara-arde-ciolacu-incinge-reteaua-care-a-deturnat-alegerile-ce-a-postat-pe-tiktok","status":"publish","type":"post","link":"https:\/\/247stiri.ro\/index.php\/2025\/01\/10\/tara-arde-ciolacu-incinge-reteaua-care-a-deturnat-alegerile-ce-a-postat-pe-tiktok\/","title":{"rendered":"\u021aara arde, Ciolacu \u00eencinge re\u021beaua care a \u201edeturnat\u201d alegerile. Ce a postat pe TikTok"},"content":{"rendered":"<p>La scurt timp de la postarea acestui tiktok halucinant, rom\u00e2nii nu au ezitat s\u0103-\u0219i arate indignarea fa\u021b\u0103 de priorit\u0103\u021bile liderului PSD. Rom\u00e2nii au l\u0103sat o rafal\u0103 de comentarii \u00een care \u00eei reaminteau lui Marcel Ciolacu c\u0103 ocup\u0103 totu\u0219i func\u021bia de premier.<\/p>\n<p>&#8222;Luati-va tot timpul domnule, doar nu sunteti premier sau ceva&#8221;<\/p>\n<p>&#8222;Oare si Viktor Orban o avea TikTok?? L-am cautat si nu dau de el&#8221;<\/p>\n<p>&#8222;Asa e. Improvizam legi, dar Buzz House trebuie tratat cu seriozitate&#8221;<\/p>\n<p>&#8222;Tara arde si al nostru se distreaza pe TikTok&#8221;<\/p>\n<p>&#8222;Ne cam radeti in fata, dar stati linistiti la mititica puteti comenta buzz house&#8221;<\/p>\n<p>&#8222;Raspunde in fata oamenilor afara la protest&#8221;.<\/p>\n<p><a title=\"@marcel_ciolacu\" href=\"https:\/\/www.tiktok.com\/@marcel_ciolacu?refer=embed\" target=\"_blank\">@marcel_ciolacu<\/a> Tier list Buzz House \u23f3 <a title=\"marcelciolacu\" href=\"https:\/\/www.tiktok.com\/tag\/marcelciolacu?refer=embed\" target=\"_blank\">#marcelciolacu<\/a> <a title=\"psd\" href=\"https:\/\/www.tiktok.com\/tag\/psd?refer=embed\" target=\"_blank\">#psd<\/a> <a title=\"romania\" href=\"https:\/\/www.tiktok.com\/tag\/romania?refer=embed\" target=\"_blank\">#romania<\/a> <a title=\"emotii\" href=\"https:\/\/www.tiktok.com\/tag\/emotii?refer=embed\" target=\"_blank\">#emotii<\/a> <a title=\"buzzhouse\" href=\"https:\/\/www.tiktok.com\/tag\/buzzhouse?refer=embed\" target=\"_blank\">#buzzhouse<\/a> <a title=\"\u266c sunet original - marcel_ciolacu\" href=\"https:\/\/www.tiktok.com\/music\/sunet-original-7458289450209118998?refer=embed\" target=\"_blank\">\u266c sunet original &#8211; marcel_ciolacu<\/a><\/p>","protected":false},"excerpt":{"rendered":"<p>La scurt timp de la postarea acestui tiktok halucinant, rom\u00e2nii nu au ezitat s\u0103-\u0219i arate&hellip;<\/p>\n","protected":false},"author":0,"featured_media":23230,"comment_status":"open","ping_status":"open","sticky":false,"template":"","format":"standard","meta":{"footnotes":""},"categories":[2],"tags":[],"class_list":["post-23234","post","type-post","status-publish","format-standard","has-post-thumbnail","hentry","category-actual"],"_links":{"self":[{"href":"https:\/\/247stiri.ro\/index.php\/wp-json\/wp\/v2\/posts\/23234","targetHints":{"allow":["GET"]}}],"collection":[{"href":"https:\/\/247stiri.ro\/index.php\/wp-json\/wp\/v2\/posts"}],"about":[{"href":"https:\/\/247stiri.ro\/index.php\/wp-json\/wp\/v2\/types\/post"}],"replies":[{"embeddable":true,"href":"https:\/\/247stiri.ro\/index.php\/wp-json\/wp\/v2\/comments?post=23234"}],"version-history":[{"count":0,"href":"https:\/\/247stiri.ro\/index.php\/wp-json\/wp\/v2\/posts\/23234\/revisions"}],"wp:featuredmedia":[{"embeddable":true,"href":"https:\/\/247stiri.ro\/index.php\/wp-json\/wp\/v2\/media\/23230"}],"wp:attachment":[{"href":"https:\/\/247stiri.ro\/index.php\/wp-json\/wp\/v2\/media?parent=23234"}],"wp:term":[{"taxonomy":"category","embeddable":true,"href":"https:\/\/247stiri.ro\/index.php\/wp-json\/wp\/v2\/categories?post=23234"},{"taxonomy":"post_tag","embeddable":true,"href":"https:\/\/247stiri.ro\/index.php\/wp-json\/wp\/v2\/tags?post=23234"}],"curies":[{"name":"wp","href":"https:\/\/api.w.org\/{rel}","templated":true}]}}