{"id":23247,"date":"2025-01-10T21:45:11","date_gmt":"2025-01-10T21:45:11","guid":{"rendered":"https:\/\/247stiri.ro\/index.php\/2025\/01\/10\/ursula-von-der-leyen-a-fost-internata-in-spital-timp-de-o-saptamana-din-cauza-pneumoniei\/"},"modified":"2025-01-10T21:45:11","modified_gmt":"2025-01-10T21:45:11","slug":"ursula-von-der-leyen-a-fost-internata-in-spital-timp-de-o-saptamana-din-cauza-pneumoniei","status":"publish","type":"post","link":"https:\/\/247stiri.ro\/index.php\/2025\/01\/10\/ursula-von-der-leyen-a-fost-internata-in-spital-timp-de-o-saptamana-din-cauza-pneumoniei\/","title":{"rendered":"Ursula von der Leyen a fost internat\u0103 \u00een spital timp de o s\u0103pt\u0103m\u00e2n\u0103 din cauza pneumoniei"},"content":{"rendered":"<p>\u201ePutem confirma c\u0103 pre\u015fedinta a fost spitalizat\u0103 pentru a-i fi tratat\u0103 pneumonia, iar acum s-a \u00eentors acas\u0103\u201d, a declarat purt\u0103toarea de cuv\u00e2nt a Comisiei, Arianna Podest\u00e0, pentru un site de \u0219tiri. \u201e\u00cen niciun moment ea nu a fost la terapie intensiv\u0103\u201d, a precizat purt\u0103toarea de cuv\u00e2nt.<\/p>\n<p>\u201eEa a fost \u00een contact zilnic cu echipa sa din Comisie\u201d, a mai spus Podesta. \u201eEa lucreaz\u0103 acum de acas\u0103, \u00een timp ce se recupereaz\u0103 \u00een continuare dup\u0103 aceast\u0103 boal\u0103 grav\u0103\u201d, a ad\u0103ugat Arianna Podesta.<\/p>\n<p>Dezv\u0103luirea &#8211;\u00a0 f\u0103cut\u0103 la mai mult de o s\u0103pt\u0103m\u00e2n\u0103 dup\u0103 ce Comisia a anun\u0163at c\u0103 Ursula von der Leyen este bolnav\u0103 \u015fi \u015fi-a anulat angajamentele publice p\u00e2n\u0103 la mijlocul lunii &#8211; ridic\u0103 \u00eentreb\u0103ri cu privire la lipsa de transparen\u0163\u0103 a celui mai puternic oficial al UE.<\/p>\n<p>Miercuri, \u00eentrebat\u0103 dac\u0103 von der Leyen a fost internat\u0103 \u00een spital, Paula Pinho, purt\u0103toarea de cuv\u00e2nt-\u015fef\u0103 a pre\u015fedintei Comisiei Europene, a declarat c\u0103 nu exist\u0103 \u201enicio actualizare\u201d cu privire la aceast\u0103 chestiune.<\/p>\n<p>Potrivit news.ro, boala lui von der Leyen a for\u0163at o am\u00e2nare a dezv\u0103luirii unui element-cheie al strategiei sale economice, precum \u015fi a unei reuniuni a Colegiului Comisarilor \u00een Polonia, \u0163ara care a preluat pre\u015fedin\u0163ia rotativ\u0103 a Consiliului UE. \u00cens\u0103, la acel moment, echipa lui von der Leyen nu a f\u0103cut nicio men\u0163iune despre spitalizarea acesteia.<\/p>\n<p>Ursula von der Leyen a fost internat\u0103 la Spitalul Universitar din Hanovra timp de o s\u0103pt\u0103m\u00e2n\u0103, potrivit agen\u0163iei germane de pres\u0103 dpa.<\/p>\n<p>Pre\u015fedinta \u015fi-a anulat angajamentele din prima jum\u0103tate a lunii ianuarie din cauza unei \u201epneumonii severe\u201d, anun\u0163ase purt\u0103torul s\u0103u de cuv\u00e2nt vinerea trecut\u0103, ad\u0103ug\u00e2nd c\u0103 ea se afl\u0103 \u00een convalescen\u0163\u0103 \u00een ora\u015ful s\u0103u natal, Hanovra.<\/p>\n<p>Von der Leyen a ie\u015fit acum din spital \u015fi a postat o fotografie pe Instagram din biroul s\u0103u de acas\u0103. \u201eCas\u0103 dulce cas\u0103 &#8230; birou!\u201d, a scris ea.<\/p>","protected":false},"excerpt":{"rendered":"<p>\u201ePutem confirma c\u0103 pre\u015fedinta a fost spitalizat\u0103 pentru a-i fi tratat\u0103 pneumonia, iar acum s-a&hellip;<\/p>\n","protected":false},"author":0,"featured_media":23246,"comment_status":"open","ping_status":"open","sticky":false,"template":"","format":"standard","meta":{"footnotes":""},"categories":[2],"tags":[],"class_list":["post-23247","post","type-post","status-publish","format-standard","has-post-thumbnail","hentry","category-actual"],"_links":{"self":[{"href":"https:\/\/247stiri.ro\/index.php\/wp-json\/wp\/v2\/posts\/23247","targetHints":{"allow":["GET"]}}],"collection":[{"href":"https:\/\/247stiri.ro\/index.php\/wp-json\/wp\/v2\/posts"}],"about":[{"href":"https:\/\/247stiri.ro\/index.php\/wp-json\/wp\/v2\/types\/post"}],"replies":[{"embeddable":true,"href":"https:\/\/247stiri.ro\/index.php\/wp-json\/wp\/v2\/comments?post=23247"}],"version-history":[{"count":0,"href":"https:\/\/247stiri.ro\/index.php\/wp-json\/wp\/v2\/posts\/23247\/revisions"}],"wp:featuredmedia":[{"embeddable":true,"href":"https:\/\/247stiri.ro\/index.php\/wp-json\/wp\/v2\/media\/23246"}],"wp:attachment":[{"href":"https:\/\/247stiri.ro\/index.php\/wp-json\/wp\/v2\/media?parent=23247"}],"wp:term":[{"taxonomy":"category","embeddable":true,"href":"https:\/\/247stiri.ro\/index.php\/wp-json\/wp\/v2\/categories?post=23247"},{"taxonomy":"post_tag","embeddable":true,"href":"https:\/\/247stiri.ro\/index.php\/wp-json\/wp\/v2\/tags?post=23247"}],"curies":[{"name":"wp","href":"https:\/\/api.w.org\/{rel}","templated":true}]}}