{"id":23261,"date":"2025-01-10T22:44:50","date_gmt":"2025-01-10T22:44:50","guid":{"rendered":"https:\/\/247stiri.ro\/index.php\/2025\/01\/10\/cum-considera-daniel-david-ministrul-educatiei-ca-trebuie-sa-fie-salariul-de-baza-al-profesorilor\/"},"modified":"2025-01-10T22:44:50","modified_gmt":"2025-01-10T22:44:50","slug":"cum-considera-daniel-david-ministrul-educatiei-ca-trebuie-sa-fie-salariul-de-baza-al-profesorilor","status":"publish","type":"post","link":"https:\/\/247stiri.ro\/index.php\/2025\/01\/10\/cum-considera-daniel-david-ministrul-educatiei-ca-trebuie-sa-fie-salariul-de-baza-al-profesorilor\/","title":{"rendered":"Cum consider\u0103 Daniel David, ministrul Educa\u021biei, c\u0103 trebuie s\u0103 fie salariul de baz\u0103 al profesorilor"},"content":{"rendered":"<p>\u201eAu fost discu\u0163ii, sunt, s-au tot pornit diverse analize. Eu cred urm\u0103torul lucru, c\u0103 indicatorii de performan\u0163\u0103 &#8211; \u015fi cred c\u0103 \u015fi Coali\u0163ia a g\u00e2ndit la fel, pentru c\u0103 m-am uitat \u00een programul de guvernare cu foarte mare aten\u0163ie, \u015fi acolo unde se vorbe\u015fte de indicatori de performan\u0163\u0103, indicatorii de performan\u0163\u0103 nu sunt lega\u0163i de salariul de baz\u0103 &#8211; eu cred c\u0103 salariul de baz\u0103 trebuie s\u0103 reflecte respectul pe care noi \u00eel d\u0103m profesorului \u00een societate \u015fi educa\u0163iei\u201d, a spus ministrul Educa\u0163iei.<\/p>\n<p>\u201eDeci nu salariul pe baza indicatorilor de performan\u0163\u0103, ci veniturile pot s\u0103 intre \u00een aceast\u0103 logic\u0103\u201d, a explicat ministrul.<\/p>","protected":false},"excerpt":{"rendered":"<p>\u201eAu fost discu\u0163ii, sunt, s-au tot pornit diverse analize. Eu cred urm\u0103torul lucru, c\u0103 indicatorii&hellip;<\/p>\n","protected":false},"author":0,"featured_media":23262,"comment_status":"open","ping_status":"open","sticky":false,"template":"","format":"standard","meta":{"footnotes":""},"categories":[2],"tags":[],"class_list":["post-23261","post","type-post","status-publish","format-standard","has-post-thumbnail","hentry","category-actual"],"_links":{"self":[{"href":"https:\/\/247stiri.ro\/index.php\/wp-json\/wp\/v2\/posts\/23261","targetHints":{"allow":["GET"]}}],"collection":[{"href":"https:\/\/247stiri.ro\/index.php\/wp-json\/wp\/v2\/posts"}],"about":[{"href":"https:\/\/247stiri.ro\/index.php\/wp-json\/wp\/v2\/types\/post"}],"replies":[{"embeddable":true,"href":"https:\/\/247stiri.ro\/index.php\/wp-json\/wp\/v2\/comments?post=23261"}],"version-history":[{"count":0,"href":"https:\/\/247stiri.ro\/index.php\/wp-json\/wp\/v2\/posts\/23261\/revisions"}],"wp:featuredmedia":[{"embeddable":true,"href":"https:\/\/247stiri.ro\/index.php\/wp-json\/wp\/v2\/media\/23262"}],"wp:attachment":[{"href":"https:\/\/247stiri.ro\/index.php\/wp-json\/wp\/v2\/media?parent=23261"}],"wp:term":[{"taxonomy":"category","embeddable":true,"href":"https:\/\/247stiri.ro\/index.php\/wp-json\/wp\/v2\/categories?post=23261"},{"taxonomy":"post_tag","embeddable":true,"href":"https:\/\/247stiri.ro\/index.php\/wp-json\/wp\/v2\/tags?post=23261"}],"curies":[{"name":"wp","href":"https:\/\/api.w.org\/{rel}","templated":true}]}}