{"id":23290,"date":"2025-01-11T07:45:27","date_gmt":"2025-01-11T07:45:27","guid":{"rendered":"https:\/\/247stiri.ro\/index.php\/2025\/01\/11\/politista-in-stare-grava-la-spital-dupa-ce-s-a-rasturnat-cu-autospeciala-in-bucuresti-video\/"},"modified":"2025-01-11T07:45:27","modified_gmt":"2025-01-11T07:45:27","slug":"politista-in-stare-grava-la-spital-dupa-ce-s-a-rasturnat-cu-autospeciala-in-bucuresti-video","status":"publish","type":"post","link":"https:\/\/247stiri.ro\/index.php\/2025\/01\/11\/politista-in-stare-grava-la-spital-dupa-ce-s-a-rasturnat-cu-autospeciala-in-bucuresti-video\/","title":{"rendered":"Poli\u021bist\u0103 \u00een stare grav\u0103 la spital dup\u0103 ce s-a r\u0103sturnat cu autospeciala, \u00een Bucure\u0219ti VIDEO"},"content":{"rendered":"<p>Opt persoane, \u00eentre care doi poli\u0163i\u015fti, au fost r\u0103nite, \u00een noaptea de vineri spre s\u00e2mb\u0103t\u0103, \u00eentr-un accident rutier produs \u00een Bucure\u015fti \u015fi \u00een care au fost implicate o ma\u015fin\u0103 de poli\u0163ie aflat\u0103 \u00een misiune \u015fi un autoturism.<\/p>\n<p>\u201dLa data de 11 ianuarie 2025, \u00een jurul orei 00.44, poli\u0163i\u015fti din cadrul Brig\u0103zii Rutiere au fost sesiza\u0163i prin apel 112, cu privire la producerea unui accident de circula\u0163ie pe o strad\u0103 din Sectorul 3. Ajun\u015fi la locul producerii accidentului, poli\u0163i\u015ftii au constatat faptul c\u0103 cele sesizate se confirm\u0103. Din primele informa\u0163ii, este vorba despre dou\u0103 autovehicule implicate, o autospecial\u0103 de poli\u0163ie din cadrul Direc\u0163iei Generale de Poli\u0163ie a Municipiului Bucure\u015fti, aflat\u0103 \u00een misiune \u015fi un alt autoturism\u201d, a transmis Brigada Rutier\u0103 a Capitalei.<\/p>\n<p>Sursa citat\u0103 a precizat c\u0103, \u00een total, au fost transportate la spital opt persoane, printre care \u015fi doi poli\u0163i\u015fti.<\/p>\n<p>\u201dA treia victim\u0103 este un b\u0103rbat care urma a fi condus la sediul INML, pasager \u00een autospeciala de poli\u0163ie. De asemenea, \u00een urma accidentului au rezultat alte cinci victime, respectiv conduc\u0103toarea autoturismului, o femeie \u00een v\u00e2rst\u0103 de 25 de ani \u015fi cei patru pasageri din auto &#8211; 2 femei \u00een v\u00e2rst\u0103 de 22 de ani, o femeie \u00een v\u00e2rst\u0103 de 27 de ani \u015fi un t\u00e2n\u0103r \u00een v\u00e2rst\u0103 de 19 ani\u201d, a mai transmis sursa citat\u0103.<\/p>\n\n<p>Ambii conduc\u0103tori auto au fost testa\u0163i cu aparatul alcooltest, rezultatele indicate fiind zero.<\/p>\n<p>\u00cen continuare se efectueaz\u0103 cercet\u0103ri pentru a se stabili cu exactitate cauzele \u015fi \u00eemprejur\u0103rile \u00een care s-a produs accidentul de circula\u0163ie.<\/p>","protected":false},"excerpt":{"rendered":"<p>Opt persoane, \u00eentre care doi poli\u0163i\u015fti, au fost r\u0103nite, \u00een noaptea de vineri spre s\u00e2mb\u0103t\u0103,&hellip;<\/p>\n","protected":false},"author":0,"featured_media":23291,"comment_status":"open","ping_status":"open","sticky":false,"template":"","format":"standard","meta":{"footnotes":""},"categories":[2],"tags":[],"class_list":["post-23290","post","type-post","status-publish","format-standard","has-post-thumbnail","hentry","category-actual"],"_links":{"self":[{"href":"https:\/\/247stiri.ro\/index.php\/wp-json\/wp\/v2\/posts\/23290","targetHints":{"allow":["GET"]}}],"collection":[{"href":"https:\/\/247stiri.ro\/index.php\/wp-json\/wp\/v2\/posts"}],"about":[{"href":"https:\/\/247stiri.ro\/index.php\/wp-json\/wp\/v2\/types\/post"}],"replies":[{"embeddable":true,"href":"https:\/\/247stiri.ro\/index.php\/wp-json\/wp\/v2\/comments?post=23290"}],"version-history":[{"count":0,"href":"https:\/\/247stiri.ro\/index.php\/wp-json\/wp\/v2\/posts\/23290\/revisions"}],"wp:featuredmedia":[{"embeddable":true,"href":"https:\/\/247stiri.ro\/index.php\/wp-json\/wp\/v2\/media\/23291"}],"wp:attachment":[{"href":"https:\/\/247stiri.ro\/index.php\/wp-json\/wp\/v2\/media?parent=23290"}],"wp:term":[{"taxonomy":"category","embeddable":true,"href":"https:\/\/247stiri.ro\/index.php\/wp-json\/wp\/v2\/categories?post=23290"},{"taxonomy":"post_tag","embeddable":true,"href":"https:\/\/247stiri.ro\/index.php\/wp-json\/wp\/v2\/tags?post=23290"}],"curies":[{"name":"wp","href":"https:\/\/api.w.org\/{rel}","templated":true}]}}