{"id":23292,"date":"2025-01-11T07:45:28","date_gmt":"2025-01-11T07:45:28","guid":{"rendered":"https:\/\/247stiri.ro\/index.php\/2025\/01\/11\/razboi-in-ucraina-ziua-1053-donald-trump-nu-mai-rezolva-razboiul-in-24-de-ore-mai-asteapta-cateva-luni-live-text\/"},"modified":"2025-01-11T07:45:28","modified_gmt":"2025-01-11T07:45:28","slug":"razboi-in-ucraina-ziua-1053-donald-trump-nu-mai-rezolva-razboiul-in-24-de-ore-mai-asteapta-cateva-luni-live-text","status":"publish","type":"post","link":"https:\/\/247stiri.ro\/index.php\/2025\/01\/11\/razboi-in-ucraina-ziua-1053-donald-trump-nu-mai-rezolva-razboiul-in-24-de-ore-mai-asteapta-cateva-luni-live-text\/","title":{"rendered":"R\u0103zboi \u00een Ucraina, ziua 1053. Donald Trump nu mai \u201erezolv\u0103\u201d r\u0103zboiul \u00een 24 de ore. Mai a\u015fteapt\u0103 c\u00e2teva luni &#8211; LIVE TEXT"},"content":{"rendered":"<p>UPDATE 08:37 &#8211; Donald Trump nu mai vrea \u201erezolvarea\u201d r\u0103zboiului din Ucraina \u00een 24 de ore, ci mai a\u015fteapt\u0103 c\u00e2teva luni.<\/p>\n<p>Pre\u015fedintele ales al SUA, Donald Trump, \u015fi-a am\u00e2nat cu c\u00e2teva luni promisiunea din campanie de a pune cap\u0103t r\u0103zboiului din Ucraina \u00een \u201e24 de ore\u201d, \u00eentr-o schimbare de atitudine pe care partenerii europeni au interpretat-o ca un semn c\u0103 administra\u0163ia sa nu va renun\u0163a imediat la sprijinul pentru Kiev, relateaz\u0103 vineri ziarul Financial Times (FT).<\/p>\n<p>Doi oficiali europeni au declarat pentru Financial Times c\u0103 discu\u0163iile cu noua echip\u0103 a lui Trump din ultimele s\u0103pt\u0103m\u00e2ni au ar\u0103tat c\u0103 ace\u015ftia \u00eenc\u0103 nu au decis cum s\u0103 rezolve conflictul \u015fi c\u0103 sprijinul pentru Ucraina va continua \u015fi dup\u0103 \u00eenvestirea pre\u015fedintelui american, la 20 ianuarie.<\/p>\n<p>\u201e\u00centreaga echip\u0103 (Trump) este obsedat\u0103 de for\u0163\u0103 \u015fi de a p\u0103rea puternic\u0103, astfel \u00eenc\u00e2t recalibreaz\u0103 abordarea \u00een privin\u0163a Ucrainei\u201d, a declarat unul dintre oficiali.<\/p>\n<p>Administra\u0163ia viitoare este de asemenea precaut\u0103 pentru c\u0103 se teme de compara\u0163iile care ar putea fi f\u0103cute cu retragerea dezastruoas\u0103 a SUA din Afganistan, pe care au repro\u015fat-o administra\u0163iei Biden.<\/p>\n<p>UPDATE 07:00 &#8211; Moscova consider\u0103 \u201eabsurd\u0103\u201d recomandarea UE\u00a0privind evitarea spa\u021biului aerian rusesc<\/p>\n<p>Agen\u021bia federal\u0103 de avia\u021bie a Rusiei a denun\u021bat vineri recomandarea \u201eabsurd\u0103\u201d a Uniunii Europene, care a avertizat cu privire la \u201eriscurile crescute\u201d cu care se confrunt\u0103 avioanele de linie care zboar\u0103 deasupra Rusiei.<\/p>","protected":false},"excerpt":{"rendered":"<p>UPDATE 08:37 &#8211; Donald Trump nu mai vrea \u201erezolvarea\u201d r\u0103zboiului din Ucraina \u00een 24 de&hellip;<\/p>\n","protected":false},"author":0,"featured_media":23280,"comment_status":"open","ping_status":"open","sticky":false,"template":"","format":"standard","meta":{"footnotes":""},"categories":[2],"tags":[],"class_list":["post-23292","post","type-post","status-publish","format-standard","has-post-thumbnail","hentry","category-actual"],"_links":{"self":[{"href":"https:\/\/247stiri.ro\/index.php\/wp-json\/wp\/v2\/posts\/23292","targetHints":{"allow":["GET"]}}],"collection":[{"href":"https:\/\/247stiri.ro\/index.php\/wp-json\/wp\/v2\/posts"}],"about":[{"href":"https:\/\/247stiri.ro\/index.php\/wp-json\/wp\/v2\/types\/post"}],"replies":[{"embeddable":true,"href":"https:\/\/247stiri.ro\/index.php\/wp-json\/wp\/v2\/comments?post=23292"}],"version-history":[{"count":0,"href":"https:\/\/247stiri.ro\/index.php\/wp-json\/wp\/v2\/posts\/23292\/revisions"}],"wp:featuredmedia":[{"embeddable":true,"href":"https:\/\/247stiri.ro\/index.php\/wp-json\/wp\/v2\/media\/23280"}],"wp:attachment":[{"href":"https:\/\/247stiri.ro\/index.php\/wp-json\/wp\/v2\/media?parent=23292"}],"wp:term":[{"taxonomy":"category","embeddable":true,"href":"https:\/\/247stiri.ro\/index.php\/wp-json\/wp\/v2\/categories?post=23292"},{"taxonomy":"post_tag","embeddable":true,"href":"https:\/\/247stiri.ro\/index.php\/wp-json\/wp\/v2\/tags?post=23292"}],"curies":[{"name":"wp","href":"https:\/\/api.w.org\/{rel}","templated":true}]}}