{"id":23301,"date":"2025-01-11T09:45:00","date_gmt":"2025-01-11T09:45:00","guid":{"rendered":"https:\/\/247stiri.ro\/index.php\/2025\/01\/11\/trei-barbati-retinuti-dupa-ce-au-furat-dintr-o-firma-si-o-casa-la-inceput-de-an-prejudiciul-este-de-90-000-de-lei\/"},"modified":"2025-01-11T09:45:00","modified_gmt":"2025-01-11T09:45:00","slug":"trei-barbati-retinuti-dupa-ce-au-furat-dintr-o-firma-si-o-casa-la-inceput-de-an-prejudiciul-este-de-90-000-de-lei","status":"publish","type":"post","link":"https:\/\/247stiri.ro\/index.php\/2025\/01\/11\/trei-barbati-retinuti-dupa-ce-au-furat-dintr-o-firma-si-o-casa-la-inceput-de-an-prejudiciul-este-de-90-000-de-lei\/","title":{"rendered":"Trei b\u0103rba\u021bi, re\u021binu\u021bi dup\u0103 ce au furat dintr-o firm\u0103 \u0219i o cas\u0103, la \u00eenceput de an. Prejudiciul este de 90.000 de lei"},"content":{"rendered":"<p>Trei b\u0103rba\u021bi au fost re\u021binu\u021bi de poli\u021bi\u0219tii din Giurgiu dup\u0103 ce au furat dintr-o locuin\u021b\u0103 \u0219i o firm\u0103 bunuri \u00een valoare de aproape 90.000 de lei.<\/p>\n<p>Potrivit IPJ Giurgiu, poli\u021bi\u0219tii au f\u0103cut vineri \u0219ase perchezi\u021bii domiciliare, \u00een municipiul Giurgiu \u0219i \u00een localitatea Putineiu, la locuin\u021bele unor persoane b\u0103nuite de s\u0103v\u00e2r\u0219irea infrac\u021biunii de furt calificat.<\/p>\n<p>Din cercet\u0103ri a reie\u0219it faptul c\u0103, \u00een perioada 2-5 ianuarie, trei b\u0103rba\u021bi, cu v\u00e2rste cuprinse \u00eentre 21 \u0219i 30 de ani, ar fi p\u0103truns prin efrac\u021bie \u00eentr-o locuin\u021b\u0103 \u0219i o firm\u0103 din municipiul Giurgiu, de unde ar fi furat mai multe bunuri.<\/p>\n<p>Prejudiciul creat este de aproximativ 87.000 de lei.<\/p>\n<p>\u00cen urma perchezi\u021biilor, \u00een locuin\u021bele acestora au fost descoperite o parte dintre bunurile sustrase, const\u00e2nd \u00een aparate de sudur\u0103, un motocompactor, cabluri electrice, borma\u0219ini, dar \u0219i o trotinet\u0103 electric\u0103.<\/p>\n<p>Acestea au fost ridicate, \u00een vederea continu\u0103rii cercet\u0103rilor.<\/p>\n<p>Cei trei b\u0103rba\u021bi b\u0103nui\u021bi au fost re\u021binu\u021bi pentru 24 de ore, urm\u00e2nd ca s\u00e2mb\u0103t\u0103 s\u0103 fie prezenta\u021bi unit\u0103\u021bii de parchet competente, cu propuneri procedurale.<\/p>","protected":false},"excerpt":{"rendered":"<p>Trei b\u0103rba\u021bi au fost re\u021binu\u021bi de poli\u021bi\u0219tii din Giurgiu dup\u0103 ce au furat dintr-o locuin\u021b\u0103&hellip;<\/p>\n","protected":false},"author":0,"featured_media":23302,"comment_status":"open","ping_status":"open","sticky":false,"template":"","format":"standard","meta":{"footnotes":""},"categories":[2],"tags":[],"class_list":["post-23301","post","type-post","status-publish","format-standard","has-post-thumbnail","hentry","category-actual"],"_links":{"self":[{"href":"https:\/\/247stiri.ro\/index.php\/wp-json\/wp\/v2\/posts\/23301","targetHints":{"allow":["GET"]}}],"collection":[{"href":"https:\/\/247stiri.ro\/index.php\/wp-json\/wp\/v2\/posts"}],"about":[{"href":"https:\/\/247stiri.ro\/index.php\/wp-json\/wp\/v2\/types\/post"}],"replies":[{"embeddable":true,"href":"https:\/\/247stiri.ro\/index.php\/wp-json\/wp\/v2\/comments?post=23301"}],"version-history":[{"count":0,"href":"https:\/\/247stiri.ro\/index.php\/wp-json\/wp\/v2\/posts\/23301\/revisions"}],"wp:featuredmedia":[{"embeddable":true,"href":"https:\/\/247stiri.ro\/index.php\/wp-json\/wp\/v2\/media\/23302"}],"wp:attachment":[{"href":"https:\/\/247stiri.ro\/index.php\/wp-json\/wp\/v2\/media?parent=23301"}],"wp:term":[{"taxonomy":"category","embeddable":true,"href":"https:\/\/247stiri.ro\/index.php\/wp-json\/wp\/v2\/categories?post=23301"},{"taxonomy":"post_tag","embeddable":true,"href":"https:\/\/247stiri.ro\/index.php\/wp-json\/wp\/v2\/tags?post=23301"}],"curies":[{"name":"wp","href":"https:\/\/api.w.org\/{rel}","templated":true}]}}