{"id":23303,"date":"2025-01-11T09:45:01","date_gmt":"2025-01-11T09:45:01","guid":{"rendered":"https:\/\/247stiri.ro\/index.php\/2025\/01\/11\/pregatiri-pentru-cel-mai-mare-protest-de-sustinere-a-presedintelui-ales-calin-georgescu-poporul-se-ridica\/"},"modified":"2025-01-11T09:45:01","modified_gmt":"2025-01-11T09:45:01","slug":"pregatiri-pentru-cel-mai-mare-protest-de-sustinere-a-presedintelui-ales-calin-georgescu-poporul-se-ridica","status":"publish","type":"post","link":"https:\/\/247stiri.ro\/index.php\/2025\/01\/11\/pregatiri-pentru-cel-mai-mare-protest-de-sustinere-a-presedintelui-ales-calin-georgescu-poporul-se-ridica\/","title":{"rendered":"Preg\u0103tiri pentru cel mai mare protest de sus\u021binere a pre\u0219edintelui ales, C\u0102LIN GEORGESCU. Poporul se ridic\u0103!"},"content":{"rendered":"<p>\u00a0Forma\u0163iunea cere tuturor s\u0103 respecte recomand\u0103rile autorit\u0103\u0163ilor \u015fi s\u0103 nu poate niciun fel de alte \u00eensemne, dec\u00e2t tricolorul. AUR transmite, de asemenea, c\u0103 ac\u0163iunea apar\u0163ine poporului rom\u00e2n.<\/p>\n<p>\u201dCel pu\u0163in 30.000 de rom\u00e2ni sunt a\u015ftepta\u0163i la Mitingul pentru democra\u0163ie, organizat duminic\u0103, 12 ianuarie. Preciz\u0103m c\u0103 manifesta\u0163ia apar\u0163ine poporului rom\u00e2n, AUR oferind doar platforma pentru cei care vor s\u0103 \u00ee\u015fi exprime nemul\u0163umirile fa\u0163\u0103 de anularea alegerilor preziden\u0163iale \u015fi care solicit\u0103 reluarea procesului electoral, \u00eencep\u00e2nd cu cel de-al doilea tur\u201d, a transmis, s\u00e2mb\u0103t\u0103, AUR, \u00eentr-un comunicat de pres\u0103.<\/p>\n<p>\u00a0<\/p>\n<p>Forma\u0163iunea a transmis \u015fi mai multe recomand\u0103ri pentru aprticipan\u0163i:<\/p>\n<p>\u2022\u2060\u00a0 \u2060Urma\u0163i instruc\u0163iunile organizatorilor, care vor purta banderole albe, pentru a putea fi u\u015for de observat.<\/p>\n<p>\u2022\u2060\u00a0 \u2060Nu da\u0163i curs actelor de violen\u0163\u0103! Adresa\u0163i-v\u0103 for\u0163elor de ordine \u015fi responsabililor de protest dac\u0103 observa\u0163i instigatori sau dac\u0103 sunte\u0163i victima unui incident.<\/p>\n<p>\u00a0<\/p>\n<p>\u2022\u2060\u00a0 \u2060Nu intra\u0163i \u00een contradictoriu cu for\u0163ele de ordine sau cu jurnali\u015ftii prezen\u0163i la miting!<\/p>\n<p>\u2022\u2060\u00a0 \u2060Nu veni\u0163i cu niciun alt \u00eensemn sau steag, \u00een afar\u0103 de tricolor!<\/p>\n<p>\u2022\u2060\u00a0 \u2060Pentru a limita pe c\u00e2t posibil tulburarea lini\u015ftii publice, nu veni\u0163i cu vuvuzele sau alte materiale similare!<\/p>\n<p>Mitingul este autorizat \u015fi va \u00eencepe duminic\u0103, 12 ianuarie, ora 14:00, \u00een Pia\u0163a Universit\u0103\u0163ii, acolo unde jurnali\u015ftii vor avea un loc special amenajat.<\/p>\n<p>Ulterior, manifestan\u0163ii vor porni \u00een mar\u015f, pe urm\u0103torul traseu: Pia\u0163a Universit\u0103\u0163ii \u2013 Pia\u0163a Victoriei \u2013 Pasajul Basarab \u2013 Palatul Cotroceni \u2013 Pia\u0163a Operei \u2013 Calea Victoriei \u2013 Pia\u0163a Victoriei.<\/p>\n<p>Potrivit AUR, la mitingul de duminic\u0103 \u015fi-au anun\u0163at prezen\u0163a \u015fi peste 500 de rom\u00e2ni care tr\u0103iesc \u00een Diaspora.<\/p>","protected":false},"excerpt":{"rendered":"<p>\u00a0Forma\u0163iunea cere tuturor s\u0103 respecte recomand\u0103rile autorit\u0103\u0163ilor \u015fi s\u0103 nu poate niciun fel de alte&hellip;<\/p>\n","protected":false},"author":0,"featured_media":23300,"comment_status":"open","ping_status":"open","sticky":false,"template":"","format":"standard","meta":{"footnotes":""},"categories":[2],"tags":[],"class_list":["post-23303","post","type-post","status-publish","format-standard","has-post-thumbnail","hentry","category-actual"],"_links":{"self":[{"href":"https:\/\/247stiri.ro\/index.php\/wp-json\/wp\/v2\/posts\/23303","targetHints":{"allow":["GET"]}}],"collection":[{"href":"https:\/\/247stiri.ro\/index.php\/wp-json\/wp\/v2\/posts"}],"about":[{"href":"https:\/\/247stiri.ro\/index.php\/wp-json\/wp\/v2\/types\/post"}],"replies":[{"embeddable":true,"href":"https:\/\/247stiri.ro\/index.php\/wp-json\/wp\/v2\/comments?post=23303"}],"version-history":[{"count":0,"href":"https:\/\/247stiri.ro\/index.php\/wp-json\/wp\/v2\/posts\/23303\/revisions"}],"wp:featuredmedia":[{"embeddable":true,"href":"https:\/\/247stiri.ro\/index.php\/wp-json\/wp\/v2\/media\/23300"}],"wp:attachment":[{"href":"https:\/\/247stiri.ro\/index.php\/wp-json\/wp\/v2\/media?parent=23303"}],"wp:term":[{"taxonomy":"category","embeddable":true,"href":"https:\/\/247stiri.ro\/index.php\/wp-json\/wp\/v2\/categories?post=23303"},{"taxonomy":"post_tag","embeddable":true,"href":"https:\/\/247stiri.ro\/index.php\/wp-json\/wp\/v2\/tags?post=23303"}],"curies":[{"name":"wp","href":"https:\/\/api.w.org\/{rel}","templated":true}]}}