{"id":23306,"date":"2025-01-11T09:45:02","date_gmt":"2025-01-11T09:45:02","guid":{"rendered":"https:\/\/247stiri.ro\/index.php\/2025\/01\/11\/primul-oras-din-romania-care-se-pregateste-sa-interzica-fumatul-in-spatiile-publice\/"},"modified":"2025-01-11T09:45:02","modified_gmt":"2025-01-11T09:45:02","slug":"primul-oras-din-romania-care-se-pregateste-sa-interzica-fumatul-in-spatiile-publice","status":"publish","type":"post","link":"https:\/\/247stiri.ro\/index.php\/2025\/01\/11\/primul-oras-din-romania-care-se-pregateste-sa-interzica-fumatul-in-spatiile-publice\/","title":{"rendered":"Primul ora\u0219 din Rom\u00e2nia care se preg\u0103te\u0219te s\u0103 INTERZIC\u0102 fumatul \u00een spa\u021biile publice"},"content":{"rendered":"<p>Primarul <a title=\"Emil Boc\" href=\"https:\/\/ziare.com\/emil-boc\/\">Emil Boc<\/a> a anun\u021bat c\u0103 fumatul ar putea fi interzis \u00een anumite spa\u021bii publice din Cluj-Napoca, inspir\u00e2ndu-se din legisla\u021bia aplicat\u0103 de ora\u0219ul Milano. Milano a fost primul ora\u0219 din Italia care a implementat, \u00eencep\u00e2nd cu 1 ianuarie, cea mai sever\u0103 lege antifumat, interzic\u00e2nd fumatul \u00een toate spa\u021biile publice \u0219i impun\u00e2nd amenzi de 240 de euro pentru cei care \u00eencalc\u0103 legea.<\/p>\n<p>Boc a precizat c\u0103 modelul din Milano ar putea fi aplicat \u0219i \u00een Cluj-Napoca: \u201eObiectivul nostru este de a interzice fumatul \u00een parcuri, locuri de joac\u0103, baze sportive. Modelul exist\u0103 deja la nivel european, acum analiz\u0103m cadrul legal din Rom\u00e2nia, dac\u0103 el ne permite f\u0103r\u0103 o lege na\u021bional\u0103, ca printr-o hot\u0103r\u00e2re de consiliu local s\u0103 putem face acest lucru. Aceast\u0103 m\u0103sur\u0103 trebuie implementat\u0103 gradual, dup\u0103 o dezbatere public\u0103 \u0219i m\u0103 g\u00e2ndesc chiar cu asigurarea \u00een unele zone, parcuri mari, baze sportive mari, a unor locuri unde s\u0103 poat\u0103 cei care doresc s\u0103 fumeze s\u0103 aib\u0103 un spa\u021biu precis delimitat. M\u0103sura se aplic\u0103 deja \u00een unele parcuri din ora\u0219\u201d, a spus primarul Clujului.<\/p>\n<p>Majoritatea locuitorilor sus\u021bin aceast\u0103 ini\u021biativ\u0103, mai ales \u00een zonele unde copiii petrec timp. O femeie din Cluj-Napoca poveste\u0219te: \u201eAm atras aten\u021bia \u0219i mi s-a r\u0103spuns pe un ton destul de agresiv c\u0103 este, totu\u0219i, un parc, deci doreau persoanele respective s\u0103 poat\u0103 s\u0103 continue s\u0103 fumeze.\u201d<\/p>\n<p>Un b\u0103rbat consider\u0103 c\u0103 interdic\u021bia este necesar\u0103: \u201eFoarte bine ar fi s\u0103 fie interzis, deoarece copiii sunt micu\u021bi, i-am scos la aer, nu la fum. Trebuia mult mai repede, fiindc\u0103 sunt copii mici \u0219i trebuie s\u0103 \u00eei protej\u0103m, nu?\u201d<\/p>\n<p>Un alt clujean adaug\u0103: \u201eCred c\u0103 ar trebui interzis de tot, cred c\u0103 ar trebui ca nimeni s\u0103 nu fumeze. Dac\u0103 ideea va fi implementat\u0103, Cluj-Napoca va deveni primul ora\u0219 din Rom\u00e2nia care interzice fumatul \u00een spa\u021biul public.\u201d<\/p>","protected":false},"excerpt":{"rendered":"<p>Primarul Emil Boc a anun\u021bat c\u0103 fumatul ar putea fi interzis \u00een anumite spa\u021bii publice&hellip;<\/p>\n","protected":false},"author":0,"featured_media":23307,"comment_status":"open","ping_status":"open","sticky":false,"template":"","format":"standard","meta":{"footnotes":""},"categories":[2],"tags":[],"class_list":["post-23306","post","type-post","status-publish","format-standard","has-post-thumbnail","hentry","category-actual"],"_links":{"self":[{"href":"https:\/\/247stiri.ro\/index.php\/wp-json\/wp\/v2\/posts\/23306","targetHints":{"allow":["GET"]}}],"collection":[{"href":"https:\/\/247stiri.ro\/index.php\/wp-json\/wp\/v2\/posts"}],"about":[{"href":"https:\/\/247stiri.ro\/index.php\/wp-json\/wp\/v2\/types\/post"}],"replies":[{"embeddable":true,"href":"https:\/\/247stiri.ro\/index.php\/wp-json\/wp\/v2\/comments?post=23306"}],"version-history":[{"count":0,"href":"https:\/\/247stiri.ro\/index.php\/wp-json\/wp\/v2\/posts\/23306\/revisions"}],"wp:featuredmedia":[{"embeddable":true,"href":"https:\/\/247stiri.ro\/index.php\/wp-json\/wp\/v2\/media\/23307"}],"wp:attachment":[{"href":"https:\/\/247stiri.ro\/index.php\/wp-json\/wp\/v2\/media?parent=23306"}],"wp:term":[{"taxonomy":"category","embeddable":true,"href":"https:\/\/247stiri.ro\/index.php\/wp-json\/wp\/v2\/categories?post=23306"},{"taxonomy":"post_tag","embeddable":true,"href":"https:\/\/247stiri.ro\/index.php\/wp-json\/wp\/v2\/tags?post=23306"}],"curies":[{"name":"wp","href":"https:\/\/api.w.org\/{rel}","templated":true}]}}