{"id":23308,"date":"2025-01-11T09:45:02","date_gmt":"2025-01-11T09:45:02","guid":{"rendered":"https:\/\/247stiri.ro\/index.php\/2025\/01\/11\/fugari-adusi-de-politie-in-tara-in-primele-zile-ale-anului-11-condamnati-intorsi-in-ultimele-24-de-ore\/"},"modified":"2025-01-11T09:45:02","modified_gmt":"2025-01-11T09:45:02","slug":"fugari-adusi-de-politie-in-tara-in-primele-zile-ale-anului-11-condamnati-intorsi-in-ultimele-24-de-ore","status":"publish","type":"post","link":"https:\/\/247stiri.ro\/index.php\/2025\/01\/11\/fugari-adusi-de-politie-in-tara-in-primele-zile-ale-anului-11-condamnati-intorsi-in-ultimele-24-de-ore\/","title":{"rendered":"Fugari adu\u0219i de poli\u021bie \u00een \u021bar\u0103, \u00een primele zile ale anului. 11 condamna\u021bi, \u201e\u00eentor\u0219i\u201d \u00een ultimele 24 de ore"},"content":{"rendered":"<p>Poli\u0163ia Rom\u00e2n\u0103 a adus \u00een \u0163ar\u0103 11 persoane, pe numele c\u0103rora au fost emise mandate de executare a unor pedepse privative de libertate sau de arestare preventiv\u0103, precum \u015fi sentin\u0163e penale.<\/p>\n<p>IGPR anun\u0163\u0103, s\u00e2mb\u0103t\u0103 diminea\u0163\u0103, c\u0103, \u00een ultimele 24 de ore, Poli\u0163ia Rom\u00e2n\u0103 a adus \u00een \u0163ar\u0103 11 persoane, pe numele c\u0103rora au fost emise mandate de executare a unor pedepse privative de libertate sau de arestare preventiv\u0103, precum \u015fi sentin\u0163e penale.<\/p>\n<p>Astfel, a fost adus \u00een \u0163ar\u0103 un b\u0103rbat, de 33 de ani, din Vaslui, urm\u0103rit interna\u0163ional pentru s\u0103v\u00e2r\u015firea infrac\u0163iunii de \u00een\u015fel\u0103ciune.<\/p>\n<p>\u201dAcesta a fost escortat din Marea Britanie, av\u00e2nd emis de c\u0103tre Judec\u0103toria T\u00e2rgu C\u0103rbune\u015fti, pe numele s\u0103u, un mandat de executare a pedepsei cu \u00eenchisoarea de 3 ani \u015fi 6 luni\u201d, anun\u0163\u0103 sursa citat\u0103.<\/p>\n<p>De asemenea, a fost adus \u00een \u0163ar\u0103 un b\u0103rbat, de 20 de ani, din Ia\u015fi, urm\u0103rit interna\u0163ional pentru s\u0103v\u00e2r\u015firea infrac\u0163iunii de furt calificat. Acesta a fost adus din Germania, av\u00e2nd emis de c\u0103tre Judec\u0103toria Pa\u015fcani, pe numele s\u0103u, o sentin\u0163\u0103 penal\u0103.<\/p>\n<p>\u00a0<\/p>\n<p>\u00a0La aceea\u015fi dat\u0103, a fost adus un b\u0103rbat, de 25 de ani, din Constan\u0163a, urm\u0103rit interna\u0163ional pentru s\u0103v\u00e2r\u015firea infrac\u0163iunii de furt calificat. Acesta a fost adus din Germania, av\u00e2nd emis, pe numele s\u0103u, de c\u0103tre Judec\u0103toria Constan\u0163a, un mandat de executare a pedepsei cu \u00eenchisoarea de 1 an \u015fi 2 luni.<\/p>\n<p>Totodat\u0103, a fost adus \u00een \u0163ar\u0103 o persoan\u0103, de 28 de ani, din Vaslui, urm\u0103rit\u0103 interna\u0163ional pentru s\u0103v\u00e2r\u015firea infrac\u0163iunii de violare de domiciliu. Aceasta a fost adus\u0103 din Germania, av\u00e2nd emis de c\u0103tre Judec\u0103toria Hu\u015fi, pe numele s\u0103u, un mandat de executare a pedepsei cu \u00eenchisoarea de 2 ani \u015fi 7 luni.<\/p>\n<p>Un t\u00e2n\u0103r, de 18 de ani, urm\u0103rit interna\u0163ional pentru s\u0103v\u00e2r\u015firea infrac\u0163iunii de lipsire de libertate, a fost adus \u00een \u0163ar\u0103, din Italia. Acesta avea emis, pe numele s\u0103u, de c\u0103tre Judec\u0103toria C\u0103l\u0103ra\u015fi, un mandat de arestare preventiv\u0103.<\/p>\n<p>De asemenea, a fost adus \u00een \u0163ar\u0103 un b\u0103rbat, de 40 de ani, din Constan\u0163a, urm\u0103rit interna\u0163ional pentru s\u0103v\u00e2r\u015firea de infrac\u0163iuni rutiere. Acesta a fost adus din Germania, av\u00e2nd emis de c\u0103tre Judec\u0103toria Constan\u0163a, pe numele s\u0103u, un mandat de executare a pedepsei cu \u00eenchisoarea de 6 ani \u015fi 5 luni.<\/p>\n<p>La aceea\u015fi dat\u0103, a fost adus un b\u0103rbat, de 46 de ani, din Hunedoara, urm\u0103rit interna\u0163ional pentru s\u0103v\u00e2r\u015firea de infrac\u0163iuni rutiere. Acesta a fost adus din Germania, av\u00e2nd emis, pe numele s\u0103u, de c\u0103tre Judec\u0103toria Or\u0103\u015ftie, un mandat de executare a pedepsei cu \u00eenchisoarea de 2 ani.<\/p>\n<p>Totodat\u0103, a fost adus \u00een \u0163ar\u0103 un b\u0103rbat, de 29 de ani, din Ia\u015fi, urm\u0103rit interna\u0163ional pentru s\u0103v\u00e2r\u015firea infrac\u0163iunii de introducere \u00een mod ilicit de telefoane mobile \u015fi alte mijloace de comunicare la distan\u0163\u0103, \u00eentr-un penitenciar, \u00een scopul folosirii de c\u0103tre de\u0163inu\u0163i, \u00een forma continuat\u0103. Acesta a fost adus din Italia, av\u00e2nd emis de c\u0103tre Judec\u0103toria Roman, pe numele s\u0103u, un mandat de executare a pedepsei cu \u00eenchisoarea de 1 an.<\/p>\n<p>Un b\u0103rbat, de 27 de ani, din Suceava, urm\u0103rit interna\u0163ional pentru s\u0103v\u00e2r\u015firea infrac\u0163iunii de furt calificat, a fost adus \u00een \u0163ar\u0103, din \u0162\u0103rile de Jos. Acesta avea emis, pe numele s\u0103u, de c\u0103tre Judec\u0103toria Gura Humorului, un mandat de executare a pedepsei cu \u00eenchisoarea de 3 ani.<\/p>\n<p>De asemenea, a fost adus \u00een \u0163ar\u0103 un b\u0103rbat, de 37 de ani, din Bucure\u015fti, urm\u0103rit interna\u0163ional pentru s\u0103v\u00e2r\u015firea de infrac\u0163iuni rutiere. Acesta a fost adus din Belgia, av\u00e2nd emis, pe numele s\u0103u, un mandat de executare a pedepsei cu \u00eenchisoarea de 1 an \u015fi 4 luni.<\/p>\n<p>La aceea\u015fi dat\u0103, a fost adus\u0103 o femeie, de 37 de ani, din Bucure\u015fti, urm\u0103rit\u0103 interna\u0163ional pentru s\u0103v\u00e2r\u015firea infrac\u0163iunii de trafic de droguri. Aceasta a fost adus\u0103 din \u0162\u0103rile de Jos, av\u00e2nd emis, pe numele ei, de c\u0103tre Tribunalul Ilfov, un mandat de executare a pedepsei cu \u00eenchisoarea de 8 ani.<\/p>\n<p>Persoanele \u00een cauz\u0103 au fost introduse \u00een unit\u0103\u0163i de deten\u0163ie, \u00een vederea execut\u0103rii mandatelor, respectiv a sentin\u0163elor penale.<\/p>","protected":false},"excerpt":{"rendered":"<p>Poli\u0163ia Rom\u00e2n\u0103 a adus \u00een \u0163ar\u0103 11 persoane, pe numele c\u0103rora au fost emise mandate&hellip;<\/p>\n","protected":false},"author":0,"featured_media":23309,"comment_status":"open","ping_status":"open","sticky":false,"template":"","format":"standard","meta":{"footnotes":""},"categories":[2],"tags":[],"class_list":["post-23308","post","type-post","status-publish","format-standard","has-post-thumbnail","hentry","category-actual"],"_links":{"self":[{"href":"https:\/\/247stiri.ro\/index.php\/wp-json\/wp\/v2\/posts\/23308","targetHints":{"allow":["GET"]}}],"collection":[{"href":"https:\/\/247stiri.ro\/index.php\/wp-json\/wp\/v2\/posts"}],"about":[{"href":"https:\/\/247stiri.ro\/index.php\/wp-json\/wp\/v2\/types\/post"}],"replies":[{"embeddable":true,"href":"https:\/\/247stiri.ro\/index.php\/wp-json\/wp\/v2\/comments?post=23308"}],"version-history":[{"count":0,"href":"https:\/\/247stiri.ro\/index.php\/wp-json\/wp\/v2\/posts\/23308\/revisions"}],"wp:featuredmedia":[{"embeddable":true,"href":"https:\/\/247stiri.ro\/index.php\/wp-json\/wp\/v2\/media\/23309"}],"wp:attachment":[{"href":"https:\/\/247stiri.ro\/index.php\/wp-json\/wp\/v2\/media?parent=23308"}],"wp:term":[{"taxonomy":"category","embeddable":true,"href":"https:\/\/247stiri.ro\/index.php\/wp-json\/wp\/v2\/categories?post=23308"},{"taxonomy":"post_tag","embeddable":true,"href":"https:\/\/247stiri.ro\/index.php\/wp-json\/wp\/v2\/tags?post=23308"}],"curies":[{"name":"wp","href":"https:\/\/api.w.org\/{rel}","templated":true}]}}