{"id":23312,"date":"2025-01-11T10:45:10","date_gmt":"2025-01-11T10:45:10","guid":{"rendered":"https:\/\/247stiri.ro\/index.php\/2025\/01\/11\/incepe-apocalipsa-concedierilor-la-institutiile-statului-ascunsa-sub-titulaturi-precum-comasare-sau-plecari-voluntare\/"},"modified":"2025-01-11T10:45:10","modified_gmt":"2025-01-11T10:45:10","slug":"incepe-apocalipsa-concedierilor-la-institutiile-statului-ascunsa-sub-titulaturi-precum-comasare-sau-plecari-voluntare","status":"publish","type":"post","link":"https:\/\/247stiri.ro\/index.php\/2025\/01\/11\/incepe-apocalipsa-concedierilor-la-institutiile-statului-ascunsa-sub-titulaturi-precum-comasare-sau-plecari-voluntare\/","title":{"rendered":"\u00cencepe \u201eApocalipsa concedierilor\u201d, la institu\u021biile statului, ascuns\u0103 sub titulaturi precum \u201ecomasare\u201d sau \u201eplec\u0103ri voluntare\u201d"},"content":{"rendered":"<p>Ministrul Finan\u021belor a explicat c\u0103 astfel de demersuri au \u00eenceput deja \u00een cadrul Ministerului Mediului, pe care l-a condus anterior. Se pare c\u0103 dou\u0103 agen\u021bii din cadrul finan\u021belor se vor comasa chiar de la \u00eenceputul anului. Tanczos Barna a sus\u021binut c\u0103 aceast\u0103 procedur\u0103 se va repeta pentru mai multe ministere.<\/p>\n<p>\u00a0\u201eA\u015f vrea s\u0103 v\u0103 spun din fostul minister \u00een care am lucrat, din Ministerul Mediului, acolo au fost \u00eencepute deja demersurile pentru comasarea Agen\u0163iei Na\u0163ionale pentru Protec\u0163ia Mediului cu agen\u0163ia responsabil\u0103 pentru ariile protejate. Ele se unesc, sunt deja procedurile pornite. \u00cen fiecare minister vom g\u0103si institu\u0163ii similare. Eu nu spun c\u0103 vor fi concedia\u0163i, pentru c\u0103 aceste proceduri dureaz\u0103 c\u00e2teva luni de zile \u015fi \u00een aceast\u0103 perioad\u0103 vor fi foarte multe plec\u0103ri naturale. Sunt pe de o parte ie\u015firile naturale din sistem- plec\u0103rile voluntare \u015fi pension\u0103rile- plus acele persoane care v\u0103d c\u0103 institu\u0163ia se reorganizeaz\u0103, \u0219i care cu siguran\u0163\u0103 se vor \u00eendrepta c\u0103tre mediul privat. \u015ei eu chiar \u00eemi doresc ca persoanele care au f\u0103cut performan\u0163\u0103 \u00een statul rom\u00e2n, \u00een institu\u0163ii publice, \u00een agen\u0163ii, \u00een direc\u0163ii de specialitate din ministere s\u0103 fac\u0103 performan\u0163\u0103 \u015fi \u00een mediu privat\u201d, a\u00a0declarat Tanczos Barna.<\/p>\n<p>Ministrul Finan\u0163elor a dat un exemplu al unei angajate de la Ministerul Mediului care s-a dus s\u0103 lucreze \u00een privat \u015fi care face performan\u0163\u0103 acolo.<\/p>\n<p>\u201eV\u0103 dau un exemplu concret, tot din Ministerul Mediului. Persoana care s-a ocupat de proceduri de mediu din partea ministerului a plecat la o companie de stat de unde veneau foarte multe documenta\u0163ii care trebuiau s\u0103 treac\u0103 prin filtrul ministerului. \u015ei cunosc\u00e2nd sistemul, cu siguran\u0163\u0103 a avut o eficien\u0163\u0103 mult mai mare \u00eentr-o companie de stat, la Hidroelectrica punctual, cu acele investi\u0163ii care trebuiau s\u0103 treac\u0103 prin filtrul Ministerului Mediului\u201d, a spus ministrul.<\/p>\n<p>De asemenea, Tanczos Barna a mai spus c\u0103 \u015fi companiile na\u0163ionale pot reduce cheltuielile, la fel ca institu\u0163iile care nu sunt comasate.<\/p>\n<p>\u201e\u015ei companiile na\u0163ionale \u00ee\u015fi pot reduce cheltuielile. Doar pe managementul resurselor umane, orice institu\u0163ie, orice manager, poate s\u0103 reduc\u0103 cu 5-10% costurile de personal doar prin management mai eficient. S\u0103 suplineasc\u0103 plec\u0103rile cu persoane recalificate \u015fi rea\u015fezate pe alte func\u0163ii, s\u0103 nu mai angajeze dup\u0103 ce persoanele ies la pensie \u015fi anul 2025 s\u0103 fie anul \u00een care nu ne mai uit\u0103m tot timpul la unde putem s\u0103 mai angaj\u0103m \u015fi de unde mai putem s\u0103 cerem ni\u015fte bani, ci s\u0103 ne descurc\u0103m cu banii pe care \u00eei avem\u201d, a spus Tanczos Barna.<\/p>","protected":false},"excerpt":{"rendered":"<p>Ministrul Finan\u021belor a explicat c\u0103 astfel de demersuri au \u00eenceput deja \u00een cadrul Ministerului Mediului,&hellip;<\/p>\n","protected":false},"author":0,"featured_media":23311,"comment_status":"open","ping_status":"open","sticky":false,"template":"","format":"standard","meta":{"footnotes":""},"categories":[2],"tags":[],"class_list":["post-23312","post","type-post","status-publish","format-standard","has-post-thumbnail","hentry","category-actual"],"_links":{"self":[{"href":"https:\/\/247stiri.ro\/index.php\/wp-json\/wp\/v2\/posts\/23312","targetHints":{"allow":["GET"]}}],"collection":[{"href":"https:\/\/247stiri.ro\/index.php\/wp-json\/wp\/v2\/posts"}],"about":[{"href":"https:\/\/247stiri.ro\/index.php\/wp-json\/wp\/v2\/types\/post"}],"replies":[{"embeddable":true,"href":"https:\/\/247stiri.ro\/index.php\/wp-json\/wp\/v2\/comments?post=23312"}],"version-history":[{"count":0,"href":"https:\/\/247stiri.ro\/index.php\/wp-json\/wp\/v2\/posts\/23312\/revisions"}],"wp:featuredmedia":[{"embeddable":true,"href":"https:\/\/247stiri.ro\/index.php\/wp-json\/wp\/v2\/media\/23311"}],"wp:attachment":[{"href":"https:\/\/247stiri.ro\/index.php\/wp-json\/wp\/v2\/media?parent=23312"}],"wp:term":[{"taxonomy":"category","embeddable":true,"href":"https:\/\/247stiri.ro\/index.php\/wp-json\/wp\/v2\/categories?post=23312"},{"taxonomy":"post_tag","embeddable":true,"href":"https:\/\/247stiri.ro\/index.php\/wp-json\/wp\/v2\/tags?post=23312"}],"curies":[{"name":"wp","href":"https:\/\/api.w.org\/{rel}","templated":true}]}}