{"id":23338,"date":"2025-01-11T12:46:45","date_gmt":"2025-01-11T12:46:45","guid":{"rendered":"https:\/\/247stiri.ro\/index.php\/2025\/01\/11\/diana-sosoaca-live-pe-facebook-de-la-investirea-presedintelui-nicolas-maduro-video\/"},"modified":"2025-01-11T12:46:45","modified_gmt":"2025-01-11T12:46:45","slug":"diana-sosoaca-live-pe-facebook-de-la-investirea-presedintelui-nicolas-maduro-video","status":"publish","type":"post","link":"https:\/\/247stiri.ro\/index.php\/2025\/01\/11\/diana-sosoaca-live-pe-facebook-de-la-investirea-presedintelui-nicolas-maduro-video\/","title":{"rendered":"Diana \u0218o\u0219oac\u0103, live pe Facebook de la \u00eenvestirea pre\u0219edintelui Nicolas Maduro VIDEO"},"content":{"rendered":"<p>Diana \u0218o\u0219oac\u0103 a participat vineri la ceremonia de \u00eenvestire a pre\u0219edintelui venezuelean Nicolas Maduro, desf\u0103\u0219urat\u0103 \u00een Caracas. Evenimentul marcheaz\u0103 \u00eenceputul celui de-al treilea mandat de \u0219ase ani al liderului socialist, ob\u021binut \u00een urma unor alegeri controversate care au avut loc \u00een luna iulie a anului trecut.<\/p>\n<p>Prezen\u021ba Dianei \u0218o\u0219oac\u0103 la ceremonie a st\u00e2rnit controverse, av\u00e2nd \u00een vedere declara\u021biile anterioare ale acesteia privind inten\u021bia de a se retrage din via\u021ba public\u0103 pentru a-\u0219i proteja siguran\u021ba personal\u0103 \u0219i pe cea a familiei sale. Cu toate acestea, \u0218o\u0219oac\u0103 a f\u0103cut deplasarea \u00een Venezuela pentru a asista la jur\u0103m\u00e2ntul lui Maduro, un lider tot mai izolat pe scena interna\u021bional\u0103.<\/p>\n<p>\u00cen discursul s\u0103u de \u00eenvestire, Nicolas Maduro a promis \u201eun mandat al p\u0103cii, prosperit\u0103\u021bii, egalit\u0103\u021bii \u0219i al noii democra\u021bii\u201d, jur\u00e2nd \u201epe istorie \u0219i pe via\u021ba sa\u201d c\u0103 \u00ee\u0219i va respecta promisiunile. Ceremonia, care a avut loc la Palatul Adun\u0103rii Na\u021bionale, a fost marcat\u0103 de prezen\u021ba unor oficiali venezueleni importan\u021bi \u0219i a unor lideri interna\u021bionali precum pre\u0219edintele cubanez Miguel Diaz-Canel. Cu toate acestea, pu\u021bini \u0219efi de stat au participat la eveniment, reflect\u00e2nd izolarea interna\u021bional\u0103 a Venezuelei.<\/p>\n<p>Atmosfera \u00een jurul Adun\u0103rii Na\u021bionale a fost tensionat\u0103, autorit\u0103\u021bile mobiliz\u00e2nd for\u021be de ordine \u0219i instal\u00e2nd podiumuri \u0219i corturi pentru festivit\u0103\u021bi. \u00centre timp, opozi\u021bia venezuelean\u0103 continu\u0103 s\u0103 conteste rezultatele alegerilor preziden\u021biale, denun\u021b\u00e2nd fraude \u0219i reprimarea protestelor. Edmundo Gonzalez Urrutia, candidatul opozi\u021biei, a declarat recent c\u0103 este \u201epre\u0219edintele ales\u201d al Venezuelei, refuz\u00e2nd s\u0103 recunoasc\u0103 victoria lui Maduro.<\/p>","protected":false},"excerpt":{"rendered":"<p>Diana \u0218o\u0219oac\u0103 a participat vineri la ceremonia de \u00eenvestire a pre\u0219edintelui venezuelean Nicolas Maduro, desf\u0103\u0219urat\u0103&hellip;<\/p>\n","protected":false},"author":0,"featured_media":23335,"comment_status":"open","ping_status":"open","sticky":false,"template":"","format":"standard","meta":{"footnotes":""},"categories":[2],"tags":[],"class_list":["post-23338","post","type-post","status-publish","format-standard","has-post-thumbnail","hentry","category-actual"],"_links":{"self":[{"href":"https:\/\/247stiri.ro\/index.php\/wp-json\/wp\/v2\/posts\/23338","targetHints":{"allow":["GET"]}}],"collection":[{"href":"https:\/\/247stiri.ro\/index.php\/wp-json\/wp\/v2\/posts"}],"about":[{"href":"https:\/\/247stiri.ro\/index.php\/wp-json\/wp\/v2\/types\/post"}],"replies":[{"embeddable":true,"href":"https:\/\/247stiri.ro\/index.php\/wp-json\/wp\/v2\/comments?post=23338"}],"version-history":[{"count":0,"href":"https:\/\/247stiri.ro\/index.php\/wp-json\/wp\/v2\/posts\/23338\/revisions"}],"wp:featuredmedia":[{"embeddable":true,"href":"https:\/\/247stiri.ro\/index.php\/wp-json\/wp\/v2\/media\/23335"}],"wp:attachment":[{"href":"https:\/\/247stiri.ro\/index.php\/wp-json\/wp\/v2\/media?parent=23338"}],"wp:term":[{"taxonomy":"category","embeddable":true,"href":"https:\/\/247stiri.ro\/index.php\/wp-json\/wp\/v2\/categories?post=23338"},{"taxonomy":"post_tag","embeddable":true,"href":"https:\/\/247stiri.ro\/index.php\/wp-json\/wp\/v2\/tags?post=23338"}],"curies":[{"name":"wp","href":"https:\/\/api.w.org\/{rel}","templated":true}]}}