{"id":23346,"date":"2025-01-11T13:45:11","date_gmt":"2025-01-11T13:45:11","guid":{"rendered":"https:\/\/247stiri.ro\/index.php\/2025\/01\/11\/mark-zuckerberg-ar-vrea-ca-trump-sa-impiedice-amendarea-marilor-companii-it-americane-in-europa\/"},"modified":"2025-01-11T13:45:11","modified_gmt":"2025-01-11T13:45:11","slug":"mark-zuckerberg-ar-vrea-ca-trump-sa-impiedice-amendarea-marilor-companii-it-americane-in-europa","status":"publish","type":"post","link":"https:\/\/247stiri.ro\/index.php\/2025\/01\/11\/mark-zuckerberg-ar-vrea-ca-trump-sa-impiedice-amendarea-marilor-companii-it-americane-in-europa\/","title":{"rendered":"Mark Zuckerberg ar vrea ca Trump s\u0103 \u00eempiedice amendarea marilor companii IT americane \u00een Europa"},"content":{"rendered":"<p>\u201eCred c\u0103 este un avantaj strategic pentru Statele Unite faptul c\u0103 avem multe dintre cele mai puternice companii din lume \u015fi cred c\u0103 ar trebui s\u0103 fac\u0103 parte din strategia SUA \u00een viitor s\u0103 apere acest lucru\u201d, a declarat Zuckerberg la podcastul Joe Rogan Experience. \u201e\u015ei este unul dintre lucrurile despre care sunt optimist \u00een leg\u0103tur\u0103 cu pre\u015fedintele Trump\u201d, a ad\u0103ugat el.<\/p>\n<p>\u00a0<\/p>\n<p>Pre\u015fedintele ales al SUA a ap\u0103rut \u00een aceea\u015fi emisiune \u00een ajunul alegerilor preziden\u0163iale americane din noiembrie \u015fi a citat sus\u0163inerea lui Rogan drept un factor al sprijinului s\u0103u \u00een r\u00e2ndul aleg\u0103torilor.<\/p>\n<p>\u201eCred c\u0103 el vrea doar ca America s\u0103 c\u00e2\u015ftige\u201d, a spus Zuckerberg, vineri, despre Trump \u00een podcastul lui Rogan.<\/p>\n<p>Zuckerberg s-a pl\u00e2ns c\u0103 UE a obligat companiile americane de tehnologie care opereaz\u0103 \u00een Europa s\u0103 pl\u0103teasc\u0103 \u201epeste 30 de miliarde de dolari\u201d penalit\u0103\u0163i pentru \u00eenc\u0103lc\u0103ri ale legisla\u0163iei \u00een ultimele dou\u0103 decenii. \u00cen noiembrie anul trecut, conglomeratul Meta al militardului tehnologic, care opereaz\u0103 Facebook, Instagram, WhatsApp \u015fi alte platforme sociale \u015fi comunicare, a fost amendat cu 797 de milioane de euro pentru \u00eenc\u0103lcarea normelor antitrust ale UE prin impunerea unor condi\u0163ii comerciale neloiale furnizorilor de servicii de publicitate.<\/p>\n<p>\u00a0<\/p>\n<p>Zuckerberg a sus\u0163inut c\u0103 aplicarea de c\u0103tre Comisia European\u0103 a normelor de concuren\u0163\u0103 este echivalentul \u201eunui tarif\u201d pentru companiile americane de tehnologie \u015fi a declarat c\u0103 administra\u0163ia pre\u015fedintelui american Joe Biden nu a reu\u015fit s\u0103 abordeze situa\u0163ia.<\/p>\n<p>\u201eDac\u0103 o alt\u0103 \u0163ar\u0103 \u015fi-ar bate joc de o alt\u0103 industrie de care ne pas\u0103, guvernul american ar g\u0103si probabil o modalitate de a face presiuni asupra ei, dar cred c\u0103 ceea ce s-a \u00eent\u00e2mplat aici este de fapt complet opus\u201d, a spus el. \u201eGuvernul american a condus un fel de atac \u00eempotriva companiilor, ceea ce a f\u0103cut ca UE s\u0103 fie, practic, \u00een toate aceste alte locuri, liber\u0103 s\u0103 atace toate companiile americane \u015fi s\u0103 fac\u0103 tot ce dore\u015fte\u201d, s-a pl\u00e2ns Zuckerberg.<\/p>\n<p>Apari\u0163ia \u015fefului Meta \u00een podcastul lui Rogan vine la doar c\u00e2teva zile dup\u0103 ce acesta a anun\u0163at c\u0103 Meta va pune cap\u0103t programului s\u0103u de verificare a faptelor de c\u0103tre ter\u0163i \u015fi va trece la un a\u015fa-numit model de \u201enote comunitare\u201d. Mi\u015fcarea a fost interpretat\u0103 pe scar\u0103 larg\u0103 ca o \u00eencercare a lui Zuckerberg de a se \u00eemprieteni cu viitoarea administra\u0163ie Trump, care a denun\u0163at de mult timp politica de moderare ca fiind cenzur\u0103, tributar\u0103 prejudeca\u0163ilor de st\u00e2nga.<\/p>\n<p>Recunosc\u00e2nd \u201epeisajul juridic \u015fi politic \u00een schimbare\u201d, Meta a declarat, de asemenea, vineri, c\u0103 \u00ee\u015fi va \u00eencheia programele privind diversitatea, echitatea \u015fi incluziunea.<\/p>","protected":false},"excerpt":{"rendered":"<p>\u201eCred c\u0103 este un avantaj strategic pentru Statele Unite faptul c\u0103 avem multe dintre cele&hellip;<\/p>\n","protected":false},"author":0,"featured_media":23343,"comment_status":"open","ping_status":"open","sticky":false,"template":"","format":"standard","meta":{"footnotes":""},"categories":[2],"tags":[],"class_list":["post-23346","post","type-post","status-publish","format-standard","has-post-thumbnail","hentry","category-actual"],"_links":{"self":[{"href":"https:\/\/247stiri.ro\/index.php\/wp-json\/wp\/v2\/posts\/23346","targetHints":{"allow":["GET"]}}],"collection":[{"href":"https:\/\/247stiri.ro\/index.php\/wp-json\/wp\/v2\/posts"}],"about":[{"href":"https:\/\/247stiri.ro\/index.php\/wp-json\/wp\/v2\/types\/post"}],"replies":[{"embeddable":true,"href":"https:\/\/247stiri.ro\/index.php\/wp-json\/wp\/v2\/comments?post=23346"}],"version-history":[{"count":0,"href":"https:\/\/247stiri.ro\/index.php\/wp-json\/wp\/v2\/posts\/23346\/revisions"}],"wp:featuredmedia":[{"embeddable":true,"href":"https:\/\/247stiri.ro\/index.php\/wp-json\/wp\/v2\/media\/23343"}],"wp:attachment":[{"href":"https:\/\/247stiri.ro\/index.php\/wp-json\/wp\/v2\/media?parent=23346"}],"wp:term":[{"taxonomy":"category","embeddable":true,"href":"https:\/\/247stiri.ro\/index.php\/wp-json\/wp\/v2\/categories?post=23346"},{"taxonomy":"post_tag","embeddable":true,"href":"https:\/\/247stiri.ro\/index.php\/wp-json\/wp\/v2\/tags?post=23346"}],"curies":[{"name":"wp","href":"https:\/\/api.w.org\/{rel}","templated":true}]}}