{"id":23347,"date":"2025-01-11T13:45:11","date_gmt":"2025-01-11T13:45:11","guid":{"rendered":"https:\/\/247stiri.ro\/index.php\/2025\/01\/11\/elon-musk-vorbeste-despre-un-comportament-tiranic-al-ue-in-alegerile-din-romania\/"},"modified":"2025-01-11T13:45:11","modified_gmt":"2025-01-11T13:45:11","slug":"elon-musk-vorbeste-despre-un-comportament-tiranic-al-ue-in-alegerile-din-romania","status":"publish","type":"post","link":"https:\/\/247stiri.ro\/index.php\/2025\/01\/11\/elon-musk-vorbeste-despre-un-comportament-tiranic-al-ue-in-alegerile-din-romania\/","title":{"rendered":"Elon Musk vorbe\u0219te despre un \u201ecomportament tiranic\u201d al UE \u00een alegerile din Rom\u00e2nia"},"content":{"rendered":"<p>Comentariul lui Musk \u2013 la postarea unei pagini na\u021bionaliste din Rom\u00e2nia \u2013 este sec: \u201eComportament tiranic\u201d.<\/p>\n<p>Postarea vine \u00een contextul \u00een care Musk are o disput\u0103 de ceva vreme cu ex-comisarul Breton. Cauza: reglementarea UE referitoare la re\u021belele sociale, pentru care Thierry Breton a fost unul dintre ini\u021biatori.<\/p>\n<p>Fostul comisar european a avertizat, joi, din nou, chiar cu privire la ceea ce face Elon Musk \u0219i ingerin\u021b\u0103 s\u0103 \u00een procesele electorale din UE. El cere \u201es\u00e2nge rece\u201d \u00een fa\u021b\u0103 acestor interven\u021b\u00eei.<\/p>\n<p>Spune c\u0103 libertatea de exprimare este un element fundamental \u00een Europa, dar ingerin\u021bele \u00een procesul electoral trebuie sanc\u021bionate.<\/p>\n<p>Iar Comisia European\u0103 are un nou arsenal juridic pentru a-\u0219i reglementa spa\u021biul digital \u2013 DSA, o lege prin care poate lupta \u00eempotriva abuzurilor de pozi\u021bie dominant\u0103 \u0219i pentru a bloca con\u021binutul ilegal \u0219i dezinformarea.<\/p>\n<p>\u00cen ciuda atacurilor lui Musk, Thierry Breton asigura c\u0103 patronul X r\u0103m\u00e2ne pentru moment doar un \u201ecet\u0103\u021bean\u201d \u0219i nu este \u00eenc\u0103 membru al guvernului Trump.<\/p>\n<p>\u201ePractic, are dreptul s\u0103 g\u00e2ndeasc\u0103 \u0219i s\u0103 spun\u0103 ce vrea, chiar dac\u0103 o face \u00eentr-un mod \u0219ocant. Pe de alt\u0103 parte, ceea ce face pe re\u021beaua X, chiar dac\u0103 \u00eei apar\u021bine, din momentul \u00een care func\u021bioneaz\u0103 \u00een Europa, atunci o reglement\u0103m, legea exist\u0103 deja\u201d, aminte\u0219te el.<\/p>\n<p>\u201cAm f\u0103cut-o \u00een Rom\u00e2nia \u0219i dac\u0103 va fi necesar, o s-o facem \u0219i \u00een Germania\u201d<\/p>\n<p>\u201eDin momentul \u00een care apare \u00een Europa, trebuie s\u0103 respecte regulile europene. Cu AfD (partidul extremist pe care Musk \u00eel sus\u021bine \u00een Germania) trebuie s\u0103 le respecte. Este evident, sunt sigur c\u0103 vom lua toate m\u0103surile pentru a ne asigura c\u0103 el respect\u0103 legea.<\/p>\n<p>Dac\u0103 nu o respect\u0103, exist\u0103 amenzi \u0219i posibilitatea de a interzice. Suntem echipa\u021bi, trebuie s\u0103 aplic\u0103m aceste legi pentru a ne proteja democra\u021biile din Europa\u201d, a sus\u021binut Thierry Breton.<\/p>\n<p>Iar Germania trebuie s\u0103 urmeze exemplul Rom\u00e2niei, \u00een caz de interven\u021bie str\u0103\u00een\u0103 \u00een alegeri, \u0219i s\u0103 aplice legile europene.<\/p>\n<p>\u201eS\u0103 a\u0219tept\u0103m s\u0103 vedem ce se \u00eent\u00e2mpl\u0103. S\u0103 ne p\u0103str\u0103m calmul \u0219i s\u0103 aplic\u0103m legile \u00een Europa atunci c\u00e2nd risc\u0103 s\u0103 fie ocolite \u0219i c\u00e2nd, dac\u0103 nu sunt aplicate, pot s\u0103 conduc\u0103 la interferen\u021be (\u00een alegeri).<\/p>\n<p>Am f\u0103cut-o \u00een Rom\u00e2nia \u0219i evident c\u0103, dac\u0103 va fi necesar, o s-o facem \u0219i \u00een Germania\u201d, este citatul, \u00een care Breton se refer\u0103 la alegerile din \u021bar\u0103 noastr\u0103 \u0219i ingerin\u021bele externe pe re\u021bele, care au denaturat scrutinul preziden\u021bial.<\/p>\n<p>DSA, care a intrat \u00een vigoare \u00een 2022, impune \u00een UE obliga\u021bii de eliminare a con\u021binutului ilegal, de combatere a dezinform\u0103rii \u0219i de protejare a alegerilor.<\/p>\n<p>Pagin\u0103 de pe X, propagand\u0103 pro-Georgescu<\/p>\n<p>Conform spotmedia.ro, pagin\u0103 de pe X (\u201cDaily Rom\u00e2nia\u201d) preluat\u0103 de Elon Musk este, \u201cun soi de fan-site al lui C\u0103lin Georgescu\u201d, care scrie zilnic, \u00een limba englez\u0103, despre ce mai face candidatul independent, preia insistent mesajele sale \u0219i ac\u021biunile \u00een justi\u021bie, \u00eendeamn\u0103 oamenii s\u0103 vin\u0103 la protestele care au loc pentru sus\u021binerea lui CG.<\/p>\n<p>Totul este exagerat \u0219i prezentat fals, \u00een favoarea acestuia. De exemplu, despre protestul de vineri de la Parlament, Daily Rom\u00e2nia scrie:<\/p>\n<p>\u201ePeste 20.000 de oameni acum la protestul pro-Georgescu din Bucure\u0219ti, dup\u0103 ce establishmentul corupt a anulat alegerile. La naiba (Fuck \u00een original) cu UE, Soros, Ursula von der Leyen \u0219i to\u021bi cei care vor s\u0103 ne \u021b\u00een\u0103 c\u0103 stat vasal\u201d.<\/p>\n<p>\u00centr-o postare anterioar\u0103 care anun\u021b\u0103 protestul de la CCR, este folosit\u0103 o imagine de la manifesta\u021biile proJustitie din anii 2017-2018, din Pia\u021b\u0103 Victoriei.<\/p>\n<p>Iar atunci c\u00e2nd Georgescu s-a dus la o manifesta\u021bie, \u201cDaily Rom\u00e2nia\u201d \u00eel eroizeaza: \u201e\u00cen ciuda avertismentelor echipei de securitate cu privire la riscul ridicat de asasinat, Georgescu s-a al\u0103turat protestatarilor din Bucure\u0219ti \u0219i \u00een prezent st\u0103 al\u0103turi de sus\u021bin\u0103torii s\u0103i, lupta pentru poporul rom\u00e2n\u201d.<\/p>\n<p>\u00a0<\/p>","protected":false},"excerpt":{"rendered":"<p>Comentariul lui Musk \u2013 la postarea unei pagini na\u021bionaliste din Rom\u00e2nia \u2013 este sec: \u201eComportament&hellip;<\/p>\n","protected":false},"author":0,"featured_media":23333,"comment_status":"open","ping_status":"open","sticky":false,"template":"","format":"standard","meta":{"footnotes":""},"categories":[2],"tags":[],"class_list":["post-23347","post","type-post","status-publish","format-standard","has-post-thumbnail","hentry","category-actual"],"_links":{"self":[{"href":"https:\/\/247stiri.ro\/index.php\/wp-json\/wp\/v2\/posts\/23347","targetHints":{"allow":["GET"]}}],"collection":[{"href":"https:\/\/247stiri.ro\/index.php\/wp-json\/wp\/v2\/posts"}],"about":[{"href":"https:\/\/247stiri.ro\/index.php\/wp-json\/wp\/v2\/types\/post"}],"replies":[{"embeddable":true,"href":"https:\/\/247stiri.ro\/index.php\/wp-json\/wp\/v2\/comments?post=23347"}],"version-history":[{"count":0,"href":"https:\/\/247stiri.ro\/index.php\/wp-json\/wp\/v2\/posts\/23347\/revisions"}],"wp:featuredmedia":[{"embeddable":true,"href":"https:\/\/247stiri.ro\/index.php\/wp-json\/wp\/v2\/media\/23333"}],"wp:attachment":[{"href":"https:\/\/247stiri.ro\/index.php\/wp-json\/wp\/v2\/media?parent=23347"}],"wp:term":[{"taxonomy":"category","embeddable":true,"href":"https:\/\/247stiri.ro\/index.php\/wp-json\/wp\/v2\/categories?post=23347"},{"taxonomy":"post_tag","embeddable":true,"href":"https:\/\/247stiri.ro\/index.php\/wp-json\/wp\/v2\/tags?post=23347"}],"curies":[{"name":"wp","href":"https:\/\/api.w.org\/{rel}","templated":true}]}}