{"id":2337,"date":"2024-10-27T21:44:48","date_gmt":"2024-10-27T21:44:48","guid":{"rendered":"https:\/\/247stiri.ro\/index.php\/2024\/10\/27\/sindicatul-de-la-metrou-a-prelungit-pana-pe-31-octombrie-discutiile-cu-conducerea-privind-contractu-colectiv\/"},"modified":"2024-10-27T21:44:48","modified_gmt":"2024-10-27T21:44:48","slug":"sindicatul-de-la-metrou-a-prelungit-pana-pe-31-octombrie-discutiile-cu-conducerea-privind-contractu-colectiv","status":"publish","type":"post","link":"https:\/\/247stiri.ro\/index.php\/2024\/10\/27\/sindicatul-de-la-metrou-a-prelungit-pana-pe-31-octombrie-discutiile-cu-conducerea-privind-contractu-colectiv\/","title":{"rendered":"Sindicatul de la Metrou a prelungit p\u00e2n\u0103 pe 31 octombrie discu\u021biile cu conducerea privind contractu colectiv"},"content":{"rendered":"<p>Principala revendicare este legat\u0103 de m\u0103rirea salariilor pentru angaja\u021bii companiei, precum \u0219i aplicarea corect\u0103 a anumitor legi \u00een vigoare, de care sindicatele sus\u021bin c\u0103 nu se \u021bine cont.\u00a0<\/p>\n<p class=\"first-info\">Pre\u0219edintele USLM, Marian Artimon a explicat c\u0103 sindicatul a decis s\u0103 ofere o ultim\u0103 \u0219ans\u0103\u00a0conducerii Metrorex, \u201eNe-am certat, ei tot c\u0103 nu, \u0219i le-am mai dat o \u0219ans\u0103 p\u00e2n\u0103 pe 31 octombrie s\u0103 mai negociem. Dac\u0103 nu, ne apuc\u0103m de ce \u0219tim mai bine, de b\u0103taie, de ie\u0219it \u00een strad\u0103,\u201d a declarat el.<\/p>\n<p>Liderul sindical a subliniat c\u0103 revendic\u0103rile USLM nu sunt nejustificate, ci se refer\u0103 la drepturile care sunt stipulate de lege. \u201eNoi nu ne cert\u0103m pe prostii, noi vrem banii care ni se cuvin,\u201d a afirmat Artimon, men\u021bion\u00e2nd c\u0103 sindicatul solicit\u0103 o indexare salarial\u0103 conform ratei infla\u021biei \u0219i a cre\u0219terii salariului minim european. Aceast\u0103 indexare ar trebui s\u0103 reflecte, de asemenea, cre\u0219terea salariului minim brut pe economie, care a crescut cu 1.050 de lei.<\/p>\n<p>Artimon a acuzat conducerea Metrorex de abuz \u00een serviciu, subliniind c\u0103 plafonarea salariilor angaja\u021bilor ar duce la o depreciere a statutului personalului feroviar, care merit\u0103 un nivel de salarizare corespunz\u0103tor, scrie\u00a0Agerpres.<\/p>\n<p>\u00a0<\/p>","protected":false},"excerpt":{"rendered":"<p>Principala revendicare este legat\u0103 de m\u0103rirea salariilor pentru angaja\u021bii companiei, precum \u0219i aplicarea corect\u0103 a&hellip;<\/p>\n","protected":false},"author":0,"featured_media":2338,"comment_status":"open","ping_status":"open","sticky":false,"template":"","format":"standard","meta":{"footnotes":""},"categories":[2],"tags":[],"class_list":["post-2337","post","type-post","status-publish","format-standard","has-post-thumbnail","hentry","category-actual"],"_links":{"self":[{"href":"https:\/\/247stiri.ro\/index.php\/wp-json\/wp\/v2\/posts\/2337","targetHints":{"allow":["GET"]}}],"collection":[{"href":"https:\/\/247stiri.ro\/index.php\/wp-json\/wp\/v2\/posts"}],"about":[{"href":"https:\/\/247stiri.ro\/index.php\/wp-json\/wp\/v2\/types\/post"}],"replies":[{"embeddable":true,"href":"https:\/\/247stiri.ro\/index.php\/wp-json\/wp\/v2\/comments?post=2337"}],"version-history":[{"count":0,"href":"https:\/\/247stiri.ro\/index.php\/wp-json\/wp\/v2\/posts\/2337\/revisions"}],"wp:featuredmedia":[{"embeddable":true,"href":"https:\/\/247stiri.ro\/index.php\/wp-json\/wp\/v2\/media\/2338"}],"wp:attachment":[{"href":"https:\/\/247stiri.ro\/index.php\/wp-json\/wp\/v2\/media?parent=2337"}],"wp:term":[{"taxonomy":"category","embeddable":true,"href":"https:\/\/247stiri.ro\/index.php\/wp-json\/wp\/v2\/categories?post=2337"},{"taxonomy":"post_tag","embeddable":true,"href":"https:\/\/247stiri.ro\/index.php\/wp-json\/wp\/v2\/tags?post=2337"}],"curies":[{"name":"wp","href":"https:\/\/api.w.org\/{rel}","templated":true}]}}