{"id":23409,"date":"2025-01-11T22:44:50","date_gmt":"2025-01-11T22:44:50","guid":{"rendered":"https:\/\/247stiri.ro\/index.php\/2025\/01\/11\/cinci-ani-de-la-primul-deces-covid-confirmat-de-china-cum-s-a-schimbat-lumea-dupa-pandemie\/"},"modified":"2025-01-11T22:44:50","modified_gmt":"2025-01-11T22:44:50","slug":"cinci-ani-de-la-primul-deces-covid-confirmat-de-china-cum-s-a-schimbat-lumea-dupa-pandemie","status":"publish","type":"post","link":"https:\/\/247stiri.ro\/index.php\/2025\/01\/11\/cinci-ani-de-la-primul-deces-covid-confirmat-de-china-cum-s-a-schimbat-lumea-dupa-pandemie\/","title":{"rendered":"Cinci ani de la primul deces COVID confirmat de China. Cum s-a schimbat lumea dup\u0103 pandemie?"},"content":{"rendered":"<p>La acea vreme respectiv\u0103, Organiza\u021bia Mondial\u0103 a S\u0103n\u0103t\u0103\u021bii (OMS) pare s\u0103 fi subestimat acest deces, pe fondul lipsei de dovezi privind transmiterea la om \u0219i mai ales virulen\u021ba procesului, potrivit BBC.<\/p>\n<p>Ulterior, pandemia a f\u0103cut peste \u0219apte milioane de victime la nivel global. Deja la finalul lunii ianuarie 2020 existau temeri c\u0103 virusul exist\u0103 \u00een Europa, \u00een februarie se produce explozia de infect\u0103ri din Italia. Pe 26 februarie a fost raport primul caz \u00een Rom\u00e2nia, iar aproximativ o lun\u0103 mai t\u00e2rziu \u0219i primul deces.<\/p>\n<p>Pe 11 martie 2020 s-a declarat pandemie la nivelul Uniunii Europene. P\u00e2n\u0103 la 4 martie 2023, pandemia a provocat peste 680 milioane de cazuri \u0219i 6,8 milioane de decese confirmate, fiind una dintre mortale din istorie.<\/p>\n<p>China nu pare s\u0103 fie marcat pe 11 ianuarie 2025 \u00eemplinirea a 5 ani de la declan\u0219area uneia dintre cele mai distructive pandemii care au lovit omenirea, \u00een contextul \u00een care autorit\u0103\u021bile locale insist\u0103 s\u0103 restric\u021bioneze anumite informa\u021bii legate de COVID, at\u00e2t pentru propriul popor, c\u00e2t \u0219i pentru comunitatea interna\u021bional\u0103<\/p>","protected":false},"excerpt":{"rendered":"<p>La acea vreme respectiv\u0103, Organiza\u021bia Mondial\u0103 a S\u0103n\u0103t\u0103\u021bii (OMS) pare s\u0103 fi subestimat acest deces,&hellip;<\/p>\n","protected":false},"author":0,"featured_media":23410,"comment_status":"open","ping_status":"open","sticky":false,"template":"","format":"standard","meta":{"footnotes":""},"categories":[2],"tags":[],"class_list":["post-23409","post","type-post","status-publish","format-standard","has-post-thumbnail","hentry","category-actual"],"_links":{"self":[{"href":"https:\/\/247stiri.ro\/index.php\/wp-json\/wp\/v2\/posts\/23409","targetHints":{"allow":["GET"]}}],"collection":[{"href":"https:\/\/247stiri.ro\/index.php\/wp-json\/wp\/v2\/posts"}],"about":[{"href":"https:\/\/247stiri.ro\/index.php\/wp-json\/wp\/v2\/types\/post"}],"replies":[{"embeddable":true,"href":"https:\/\/247stiri.ro\/index.php\/wp-json\/wp\/v2\/comments?post=23409"}],"version-history":[{"count":0,"href":"https:\/\/247stiri.ro\/index.php\/wp-json\/wp\/v2\/posts\/23409\/revisions"}],"wp:featuredmedia":[{"embeddable":true,"href":"https:\/\/247stiri.ro\/index.php\/wp-json\/wp\/v2\/media\/23410"}],"wp:attachment":[{"href":"https:\/\/247stiri.ro\/index.php\/wp-json\/wp\/v2\/media?parent=23409"}],"wp:term":[{"taxonomy":"category","embeddable":true,"href":"https:\/\/247stiri.ro\/index.php\/wp-json\/wp\/v2\/categories?post=23409"},{"taxonomy":"post_tag","embeddable":true,"href":"https:\/\/247stiri.ro\/index.php\/wp-json\/wp\/v2\/tags?post=23409"}],"curies":[{"name":"wp","href":"https:\/\/api.w.org\/{rel}","templated":true}]}}