{"id":23418,"date":"2025-01-12T06:45:55","date_gmt":"2025-01-12T06:45:55","guid":{"rendered":"https:\/\/247stiri.ro\/index.php\/2025\/01\/12\/azi-de-la-ora-1200-incepe-miscarea-romanilor-mintiti-si-umiliti-realitatea-plus-este-singura-televiziune-alaturi-de-romani-anca-alexandrescu-transmisiuni-din-mijlocul-oamenilor-live-text\/"},"modified":"2025-01-12T06:45:55","modified_gmt":"2025-01-12T06:45:55","slug":"azi-de-la-ora-1200-incepe-miscarea-romanilor-mintiti-si-umiliti-realitatea-plus-este-singura-televiziune-alaturi-de-romani-anca-alexandrescu-transmisiuni-din-mijlocul-oamenilor-live-text","status":"publish","type":"post","link":"https:\/\/247stiri.ro\/index.php\/2025\/01\/12\/azi-de-la-ora-1200-incepe-miscarea-romanilor-mintiti-si-umiliti-realitatea-plus-este-singura-televiziune-alaturi-de-romani-anca-alexandrescu-transmisiuni-din-mijlocul-oamenilor-live-text\/","title":{"rendered":"Azi, de la ora 12:00, \u00eencepe mi\u0219carea rom\u00e2nilor min\u021bi\u021bi \u0219i umili\u021bi. Realitatea Plus este singura televiziune al\u0103turi de rom\u00e2ni. Anca Alexandrescu, transmisiuni din mijlocul oamenilor &#8211; LIVE TEXT"},"content":{"rendered":"<p>De la ora 14.00 va avea loc, \u201dcel mai mare miting \u00eempotriva deciziei abuzive de anulare a alegerilor\u201d, la care vor participa \u201dcel pu\u0163in 30.000 de persoane\u201d, \u00eentre care \u015fi 500 de oameni din diaspora, precizeaz\u0103 AUR. Forma\u021biunea precieaz\u0103 c\u0103 nu este vorba de o manifestare politic\u0103, ci una a poporului rom\u00e2n, AUR\u00a0oferind doar platforma pentru cei care vor s\u0103 \u00ee\u015fi exprime nemul\u0163umirile.<\/p>\n<p>Manifestarea este autorizat\u0103 \u015fi se va derula pe traseul Pia\u0163a Universit\u0103\u0163ii \u2013 Pia\u0163a Victoriei \u2013 Pasajul Basarab \u2013 Palatul Cotroceni \u2013 Pia\u0163a Operei \u2013 Calea Victoriei \u2013 Pia\u0163a Victoriei.<\/p>\n<p>\u201dRom\u00e2nia se afl\u0103 \u00eentr-un moment de cotitur\u0103 istoric\u0103. Decizia abuziv\u0103 a Cur\u0163ii Constitu\u0163ionale de a anula alegerile preziden\u0163iale a declan\u015fat un val de indignare na\u0163ional\u0103. Rom\u00e2nii ies din nou \u00een strad\u0103, dup\u0103 35 de ani, pentru a-\u015fi ap\u0103ra votul \u015fi democra\u0163ia. Pe 12 ianuarie, de la ora 14:00, Pia\u0163a Universit\u0103\u0163ii va deveni locul celui mai mare miting \u00eempotriva deciziei abuzive a regimului condus de Klaus Iohannis de a anula alegerile preziden\u0163iale\u201d, a anun\u0163at AUR \u00eentr-un comunicat de pres\u0103.<\/p>\n<p>\u00a0<\/p>\n<p>Potrivit forma\u0163iunii, \u201dzeci de mii de rom\u00e2ni din toat\u0103 \u0163ara \u015fi din diaspora se vor reuni pentru a cere respectarea votului lor, reluarea turului 2, dar \u015fi \u00eenl\u0103turarea regimului Iohannis\u201d.<\/p>\n<p>Ulterior, AUR a precizat c\u0103 \u201dcel pu\u0163in 30.000 de rom\u00e2ni sunt a\u015ftepta\u0163i la Mitingul pentru democra\u0163ie\u201d, \u00eentre care 500 de oameni din diaspora.<\/p>\n<p>\u201dPreciz\u0103m c\u0103 manifesta\u0163ia apar\u0163ine poporului rom\u00e2n, AUR oferind doar platforma pentru cei care vor s\u0103 \u00ee\u015fi exprime nemul\u0163umirile fa\u0163\u0103 de anularea alegerilor preziden\u0163iale \u015fi care solicit\u0103 reluarea procesului electoral, \u00eencep\u00e2nd cu cel de-al doilea tur\u201d, a mai transmis AUR.<\/p>\n<p>\u00a0Recomand\u0103ri din partea AUR\u00a0<\/p>\n<p>Reprezentan\u0163ii AUR au f\u0103cut \u015fi recomand\u0103ri pentru cei care particip\u0103 la\u00a0protest:<\/p>\n<p>\u2022\u2060 \u2060Urma\u0163i instruc\u0163iunile organizatorilor, care vor purta banderole albe, pentru a putea fi u\u015for de observat.<\/p>\n<p>\u2022\u2060 \u2060Nu da\u0163i curs actelor de violen\u0163\u0103! Adresa\u0163i-v\u0103 for\u0163elor de ordine \u015fi responsabililor de protest dac\u0103 observa\u0163i instigatori sau dac\u0103 sunte\u0163i victima unui incident.<\/p>\n<p>\u2022\u2060 \u2060Nu intra\u0163i \u00een contradictoriu cu for\u0163ele de ordine sau cu jurnali\u015ftii prezen\u0163i la miting!<\/p>\n<p>\u2022\u2060 \u2060Nu veni\u0163i cu niciun alt \u00eensemn sau steag, \u00een afar\u0103 de tricolor!<\/p>\n<p>\u2022\u2060 \u2060Pentru a limita pe c\u00e2t posibil tulburarea lini\u015ftii publice, nu veni\u0163i cu vuvuzele sau alte materiale similare!<\/p>\n<p>\u015ei Jandarmeria a cerut <a href=\"https:\/\/www.realitatea.net\/stiri\/actual\/ce-trebuie-sa-faci-cand-participi-la-un-miting-jandarmii-au-facut-o-serie-de-recomandari-video_6782c5cce630765529504112\" target=\"_blank\">respectarea regulior.<\/a><\/p>","protected":false},"excerpt":{"rendered":"<p>De la ora 14.00 va avea loc, \u201dcel mai mare miting \u00eempotriva deciziei abuzive de&hellip;<\/p>\n","protected":false},"author":0,"featured_media":23416,"comment_status":"open","ping_status":"open","sticky":false,"template":"","format":"standard","meta":{"footnotes":""},"categories":[2],"tags":[],"class_list":["post-23418","post","type-post","status-publish","format-standard","has-post-thumbnail","hentry","category-actual"],"_links":{"self":[{"href":"https:\/\/247stiri.ro\/index.php\/wp-json\/wp\/v2\/posts\/23418","targetHints":{"allow":["GET"]}}],"collection":[{"href":"https:\/\/247stiri.ro\/index.php\/wp-json\/wp\/v2\/posts"}],"about":[{"href":"https:\/\/247stiri.ro\/index.php\/wp-json\/wp\/v2\/types\/post"}],"replies":[{"embeddable":true,"href":"https:\/\/247stiri.ro\/index.php\/wp-json\/wp\/v2\/comments?post=23418"}],"version-history":[{"count":0,"href":"https:\/\/247stiri.ro\/index.php\/wp-json\/wp\/v2\/posts\/23418\/revisions"}],"wp:featuredmedia":[{"embeddable":true,"href":"https:\/\/247stiri.ro\/index.php\/wp-json\/wp\/v2\/media\/23416"}],"wp:attachment":[{"href":"https:\/\/247stiri.ro\/index.php\/wp-json\/wp\/v2\/media?parent=23418"}],"wp:term":[{"taxonomy":"category","embeddable":true,"href":"https:\/\/247stiri.ro\/index.php\/wp-json\/wp\/v2\/categories?post=23418"},{"taxonomy":"post_tag","embeddable":true,"href":"https:\/\/247stiri.ro\/index.php\/wp-json\/wp\/v2\/tags?post=23418"}],"curies":[{"name":"wp","href":"https:\/\/api.w.org\/{rel}","templated":true}]}}