{"id":23430,"date":"2025-01-12T08:46:40","date_gmt":"2025-01-12T08:46:40","guid":{"rendered":"https:\/\/247stiri.ro\/index.php\/2025\/01\/12\/sarbatoare-13-ianuarie-ortodocsii-pe-rit-vechi-se-pregatesc-sa-sarbatoresc-anul-nou\/"},"modified":"2025-01-12T08:46:40","modified_gmt":"2025-01-12T08:46:40","slug":"sarbatoare-13-ianuarie-ortodocsii-pe-rit-vechi-se-pregatesc-sa-sarbatoresc-anul-nou","status":"publish","type":"post","link":"https:\/\/247stiri.ro\/index.php\/2025\/01\/12\/sarbatoare-13-ianuarie-ortodocsii-pe-rit-vechi-se-pregatesc-sa-sarbatoresc-anul-nou\/","title":{"rendered":"S\u0103rb\u0103toare 13 ianuarie. Ortodoc\u0219ii pe rit vechi se preg\u0103tesc s\u0103 s\u0103rb\u0103toresc Anul Nou"},"content":{"rendered":"<p>Sfin\u0163ii Mucenici Ermil \u015fi Stratonic sunt pomeni\u0163i \u00een calendarul cre\u015ftin ortodox \u00een ziua de 13 ianuarie.<\/p>\n<p>Ace\u015fti doi sfin\u0163i mucenici au tr\u0103it \u00een vremea persecu\u0163iilor \u00eempotriva cre\u015ftinilor declan\u015fate de \u00eemp\u0103ratul roman Licinius (308-321).<\/p>\n<p>Sf\u00e2ntul Mucenic Ermil era cre\u015ftin \u015fi hirotonit diacon. Denun\u0163at c\u0103 se \u00eenchin\u0103 de mult\u0103 vreme lui Hristos, r\u00e2de de zeii romanilor \u015fi \u00eentru nimic \u00eel socote\u015fte pe \u00eemp\u0103rat, a fost judecat. \u015ei-a \u0163inut cu d\u00e2rzenie m\u0103rturisirea, \u00eenc\u00e2t a fost chinuit \u00eendelung cu b\u0103taia, \u00eenjunghiat \u015fi rupt, iar apoi, \u00eenchis.<\/p>\n<p>\u00cen temni\u0163\u0103 l-a \u00eent\u00e2lnit pe Stratonic, un vechi prieten, cre\u015ftin, care era str\u0103jer al \u00eenchisorii.<\/p>\n<p>Cre\u015ftinii ortodoc\u015fi de rit vechi s\u0103rb\u0103toresc trecerea \u00een noul an \u00een noaptea din 13 spre 14 Ianuarie, dup\u0103 calendarul Iulian. Aceast\u0103 s\u0103rb\u0103toare este comemorat\u0103 de credincio\u015fii cre\u015ftini de rit vechi, care fac parte din biserici ortodoxe care nu au preluat calendarul iulian \u00eendreptat precum \u015fi de cre\u015ftinii care nu au acceptat \u00eendreptarea calendarului de c\u0103tre bisericile din care f\u0103ceau parte. Pentru s\u00e2rbi, ucraineni, ru\u015fi \u015fi lipoveni, aceast\u0103 noapte \u00eenseamn\u0103 mese \u00eentinse p\u00e2n\u0103 la ziu\u0103, muzic\u0103 \u015fi mult\u0103 veselie.<\/p>\n<p>\u00cen satele din Republica Moldova obiceiurile de Anul Nou sunt p\u0103strate cu sfin\u0163enie. Cete de tineri colind\u0103 uli\u0163ele satului \u015fi pocnesc din bice. Ace\u015ftia ur\u0103 din cas\u0103 \u00een cas\u0103 cu tal\u0103ngi \u015fi buhaiuri pentru un an mai roditor \u015fi mai<\/p>","protected":false},"excerpt":{"rendered":"<p>Sfin\u0163ii Mucenici Ermil \u015fi Stratonic sunt pomeni\u0163i \u00een calendarul cre\u015ftin ortodox \u00een ziua de 13&hellip;<\/p>\n","protected":false},"author":0,"featured_media":23431,"comment_status":"open","ping_status":"open","sticky":false,"template":"","format":"standard","meta":{"footnotes":""},"categories":[8],"tags":[],"class_list":["post-23430","post","type-post","status-publish","format-standard","has-post-thumbnail","hentry","category-lifestyle"],"_links":{"self":[{"href":"https:\/\/247stiri.ro\/index.php\/wp-json\/wp\/v2\/posts\/23430","targetHints":{"allow":["GET"]}}],"collection":[{"href":"https:\/\/247stiri.ro\/index.php\/wp-json\/wp\/v2\/posts"}],"about":[{"href":"https:\/\/247stiri.ro\/index.php\/wp-json\/wp\/v2\/types\/post"}],"replies":[{"embeddable":true,"href":"https:\/\/247stiri.ro\/index.php\/wp-json\/wp\/v2\/comments?post=23430"}],"version-history":[{"count":0,"href":"https:\/\/247stiri.ro\/index.php\/wp-json\/wp\/v2\/posts\/23430\/revisions"}],"wp:featuredmedia":[{"embeddable":true,"href":"https:\/\/247stiri.ro\/index.php\/wp-json\/wp\/v2\/media\/23431"}],"wp:attachment":[{"href":"https:\/\/247stiri.ro\/index.php\/wp-json\/wp\/v2\/media?parent=23430"}],"wp:term":[{"taxonomy":"category","embeddable":true,"href":"https:\/\/247stiri.ro\/index.php\/wp-json\/wp\/v2\/categories?post=23430"},{"taxonomy":"post_tag","embeddable":true,"href":"https:\/\/247stiri.ro\/index.php\/wp-json\/wp\/v2\/tags?post=23430"}],"curies":[{"name":"wp","href":"https:\/\/api.w.org\/{rel}","templated":true}]}}