{"id":23447,"date":"2025-01-12T09:45:22","date_gmt":"2025-01-12T09:45:22","guid":{"rendered":"https:\/\/247stiri.ro\/index.php\/2025\/01\/12\/victor-ponta-noi-declaratii-controversate-cum-si-a-schimbat-favoritii-si-a-sarit-in-barca-lui-trump-dupa-ce-in-trecut-il-lauda-pe-biden\/"},"modified":"2025-01-12T09:45:22","modified_gmt":"2025-01-12T09:45:22","slug":"victor-ponta-noi-declaratii-controversate-cum-si-a-schimbat-favoritii-si-a-sarit-in-barca-lui-trump-dupa-ce-in-trecut-il-lauda-pe-biden","status":"publish","type":"post","link":"https:\/\/247stiri.ro\/index.php\/2025\/01\/12\/victor-ponta-noi-declaratii-controversate-cum-si-a-schimbat-favoritii-si-a-sarit-in-barca-lui-trump-dupa-ce-in-trecut-il-lauda-pe-biden\/","title":{"rendered":"Victor Ponta, noi declara\u021bii controversate. Cum \u0219i-a schimbat favori\u021bii \u0219i a s\u0103rit \u00een barca lui Trump, dup\u0103 ce \u00een trecut \u00eel l\u0103uda pe Biden"},"content":{"rendered":"<p>\u201dV-am spus c\u0103 se schimb\u0103 Lumea? \u0218i se schimb\u0103 \u00een bine! Pentru noi rom\u00e2nii, pentru europeni, ucraineni, ru\u0219i &#8211; PACEA este cea mai bun\u0103 solu\u021bie &#8211; precizez c\u0103 nu \u0219tiu care sunt condi\u021biile, dar asta depinde de p\u0103r\u021bile implicate! \u021aineti minte ca Iohannis i-a cerut demisia Ministrului Ap\u0103r\u0103rii doar pentru c\u0103 a \u00eendr\u0103znit s\u0103 vorbeasc\u0103 despre pace? \u021aine\u021bi minte cum agen\u021bii \u0219i slugile lui Soro\u0219 din Rom\u00e2nia ne-au f\u0103cut \u201cputini\u0219ti\u201d pe to\u021bi cei care spuneam c\u0103 trebuie g\u0103sit\u0103 o solu\u021bie pentru PACE?<\/p>\n<p>Acele vremuri, din fericire, au apus! Pre\u0219edintele Trump vorbe\u0219te despre pace &#8211; \u0219i Pre\u0219edintele Zelensky \u00eei d\u0103 dreptate! Se schimba Lumea &#8211; \u00een bine! Iar Rom\u00e2nia trebuie s\u0103 se urce \u00een acest tren al schimb\u0103rii- \u0219i s\u0103 aduc\u0103 c\u00e2t mai multe beneficii economice pentru rom\u00e2ni din aceast\u0103 nou\u0103 situa\u021bie!\u201d, a scris Victor Ponta pe pagina sa de socializare.\u00a0<\/p>","protected":false},"excerpt":{"rendered":"<p>\u201dV-am spus c\u0103 se schimb\u0103 Lumea? \u0218i se schimb\u0103 \u00een bine! Pentru noi rom\u00e2nii, pentru&hellip;<\/p>\n","protected":false},"author":0,"featured_media":23446,"comment_status":"open","ping_status":"open","sticky":false,"template":"","format":"standard","meta":{"footnotes":""},"categories":[2],"tags":[],"class_list":["post-23447","post","type-post","status-publish","format-standard","has-post-thumbnail","hentry","category-actual"],"_links":{"self":[{"href":"https:\/\/247stiri.ro\/index.php\/wp-json\/wp\/v2\/posts\/23447","targetHints":{"allow":["GET"]}}],"collection":[{"href":"https:\/\/247stiri.ro\/index.php\/wp-json\/wp\/v2\/posts"}],"about":[{"href":"https:\/\/247stiri.ro\/index.php\/wp-json\/wp\/v2\/types\/post"}],"replies":[{"embeddable":true,"href":"https:\/\/247stiri.ro\/index.php\/wp-json\/wp\/v2\/comments?post=23447"}],"version-history":[{"count":0,"href":"https:\/\/247stiri.ro\/index.php\/wp-json\/wp\/v2\/posts\/23447\/revisions"}],"wp:featuredmedia":[{"embeddable":true,"href":"https:\/\/247stiri.ro\/index.php\/wp-json\/wp\/v2\/media\/23446"}],"wp:attachment":[{"href":"https:\/\/247stiri.ro\/index.php\/wp-json\/wp\/v2\/media?parent=23447"}],"wp:term":[{"taxonomy":"category","embeddable":true,"href":"https:\/\/247stiri.ro\/index.php\/wp-json\/wp\/v2\/categories?post=23447"},{"taxonomy":"post_tag","embeddable":true,"href":"https:\/\/247stiri.ro\/index.php\/wp-json\/wp\/v2\/tags?post=23447"}],"curies":[{"name":"wp","href":"https:\/\/api.w.org\/{rel}","templated":true}]}}